{"id":7072,"date":"2024-04-11T16:28:59","date_gmt":"2024-04-11T14:28:59","guid":{"rendered":"https:\/\/catholiques17.fr\/archiac\/?p=7072"},"modified":"2024-04-11T16:29:00","modified_gmt":"2024-04-11T14:29:00","slug":"vie-de-la-paroisse-la-semaine-sainte-2024","status":"publish","type":"post","link":"https:\/\/catholiques17.fr\/archiac\/2024\/04\/11\/vie-de-la-paroisse-la-semaine-sainte-2024\/","title":{"rendered":"Vie de la Paroisse &#8211; La Semaine Sainte 2024"},"content":{"rendered":"\n<div style=\"height:15px\" aria-hidden=\"true\" class=\"wp-block-spacer\"><\/div>\n\n\n\n<p class=\"has-text-align-left has-luminous-vivid-orange-color has-text-color has-link-color wp-elements-5cfb0bfdd92af2ba627a3021d463557a\">Retrouvez tous les temps forts de cette mont\u00e9e vers P\u00e2ques 2024 marqu\u00e9e par une forte participation dans toutes les Eglises de la Paroisse ainsi que 2 bapt\u00eames.<\/p>\n\n\n\n<div style=\"height:15px\" aria-hidden=\"true\" class=\"wp-block-spacer\"><\/div>\n\n\n\n<p class=\"has-text-align-center has-luminous-vivid-orange-color has-text-color has-link-color has-medium-font-size wp-elements-ffd95c0357271b3ee138bd172fbcc8f6\"><strong> Jeudi Saint \u00e0 St Pierre d&rsquo;Archiac <\/strong><\/p>\n\n\n\n<p class=\"has-text-align-center has-luminous-vivid-orange-color has-text-color has-link-color has-medium-font-size wp-elements-f5ca6d0ab4980a5ac5e565e38ca3930b\"><strong>pr\u00e9par\u00e9<\/strong> <strong> par les enfants du Cat\u00e9chisme et de l&rsquo;Aum\u00f4nerie<\/strong><\/p>\n\n\n\n<figure class=\"wp-block-image aligncenter size-full\"><img loading=\"lazy\" decoding=\"async\" width=\"800\" height=\"600\" src=\"https:\/\/catholiques17.fr\/archiac\/wp-content\/uploads\/sites\/26\/2024\/04\/Jeudi-Saint6.jpg\" alt=\"\" class=\"wp-image-7073\" srcset=\"https:\/\/catholiques17.fr\/archiac\/wp-content\/uploads\/sites\/26\/2024\/04\/Jeudi-Saint6.jpg 800w, https:\/\/catholiques17.fr\/archiac\/wp-content\/uploads\/sites\/26\/2024\/04\/Jeudi-Saint6-480x360.jpg 480w\" sizes=\"(min-width: 0px) and (max-width: 480px) 480px, (min-width: 481px) 800px, 100vw\" \/><\/figure>\n\n\n\n<div style=\"height:15px\" aria-hidden=\"true\" class=\"wp-block-spacer\"><\/div>\n\n\n\n<figure class=\"wp-block-gallery has-nested-images columns-default is-cropped wp-block-gallery-1 is-layout-flex wp-block-gallery-is-layout-flex\">\n<figure class=\"wp-block-image size-large\"><img loading=\"lazy\" decoding=\"async\" width=\"800\" height=\"600\" data-id=\"7076\" src=\"https:\/\/catholiques17.fr\/archiac\/wp-content\/uploads\/sites\/26\/2024\/04\/Jeudi-Saint4.jpg\" alt=\"\" class=\"wp-image-7076\" srcset=\"https:\/\/catholiques17.fr\/archiac\/wp-content\/uploads\/sites\/26\/2024\/04\/Jeudi-Saint4.jpg 800w, https:\/\/catholiques17.fr\/archiac\/wp-content\/uploads\/sites\/26\/2024\/04\/Jeudi-Saint4-480x360.jpg 480w\" sizes=\"(min-width: 0px) and (max-width: 480px) 480px, (min-width: 481px) 800px, 100vw\" \/><\/figure>\n\n\n\n<figure class=\"wp-block-image size-large\"><img loading=\"lazy\" decoding=\"async\" width=\"600\" height=\"800\" data-id=\"7075\" src=\"https:\/\/catholiques17.fr\/archiac\/wp-content\/uploads\/sites\/26\/2024\/04\/Jeudi-Saint3.jpg\" alt=\"\" class=\"wp-image-7075\" srcset=\"https:\/\/catholiques17.fr\/archiac\/wp-content\/uploads\/sites\/26\/2024\/04\/Jeudi-Saint3.jpg 600w, https:\/\/catholiques17.fr\/archiac\/wp-content\/uploads\/sites\/26\/2024\/04\/Jeudi-Saint3-480x640.jpg 480w\" sizes=\"(min-width: 0px) and (max-width: 480px) 480px, (min-width: 481px) 600px, 100vw\" \/><\/figure>\n\n\n\n<figure class=\"wp-block-image size-large\"><img loading=\"lazy\" decoding=\"async\" width=\"600\" height=\"800\" data-id=\"7074\" src=\"https:\/\/catholiques17.fr\/archiac\/wp-content\/uploads\/sites\/26\/2024\/04\/Jeudi-Saint2.jpg\" alt=\"\" class=\"wp-image-7074\" srcset=\"https:\/\/catholiques17.fr\/archiac\/wp-content\/uploads\/sites\/26\/2024\/04\/Jeudi-Saint2.jpg 600w, https:\/\/catholiques17.fr\/archiac\/wp-content\/uploads\/sites\/26\/2024\/04\/Jeudi-Saint2-480x640.jpg 480w\" sizes=\"(min-width: 0px) and (max-width: 480px) 480px, (min-width: 481px) 600px, 100vw\" \/><\/figure>\n<\/figure>\n\n\n\n<div style=\"height:12px\" aria-hidden=\"true\" class=\"wp-block-spacer\"><\/div>\n\n\n\n<figure class=\"wp-block-gallery has-nested-images columns-default is-cropped wp-block-gallery-2 is-layout-flex wp-block-gallery-is-layout-flex\">\n<figure class=\"wp-block-image size-large\"><img loading=\"lazy\" decoding=\"async\" width=\"600\" height=\"800\" data-id=\"7079\" src=\"https:\/\/catholiques17.fr\/archiac\/wp-content\/uploads\/sites\/26\/2024\/04\/WhatsApp-Image-2024-04-02-a-11.06.51_d694ce5e-1.jpg\" alt=\"\" class=\"wp-image-7079\" srcset=\"https:\/\/catholiques17.fr\/archiac\/wp-content\/uploads\/sites\/26\/2024\/04\/WhatsApp-Image-2024-04-02-a-11.06.51_d694ce5e-1.jpg 600w, https:\/\/catholiques17.fr\/archiac\/wp-content\/uploads\/sites\/26\/2024\/04\/WhatsApp-Image-2024-04-02-a-11.06.51_d694ce5e-1-480x640.jpg 480w\" sizes=\"(min-width: 0px) and (max-width: 480px) 480px, (min-width: 481px) 600px, 100vw\" \/><figcaption class=\"wp-element-caption\">B\u00e9n\u00e9diction du pain sans levain pr\u00e9par\u00e9 par les enfants du cat\u00e9chisme<\/figcaption><\/figure>\n\n\n\n<figure class=\"wp-block-image size-large\"><img loading=\"lazy\" decoding=\"async\" width=\"800\" height=\"600\" data-id=\"7078\" src=\"https:\/\/catholiques17.fr\/archiac\/wp-content\/uploads\/sites\/26\/2024\/04\/Jeudi-Saint-St-Sacrement.jpg\" alt=\"\" class=\"wp-image-7078\" srcset=\"https:\/\/catholiques17.fr\/archiac\/wp-content\/uploads\/sites\/26\/2024\/04\/Jeudi-Saint-St-Sacrement.jpg 800w, https:\/\/catholiques17.fr\/archiac\/wp-content\/uploads\/sites\/26\/2024\/04\/Jeudi-Saint-St-Sacrement-480x360.jpg 480w\" sizes=\"(min-width: 0px) and (max-width: 480px) 480px, (min-width: 481px) 800px, 100vw\" \/><\/figure>\n<\/figure>\n\n\n\n<div style=\"height:12px\" aria-hidden=\"true\" class=\"wp-block-spacer\"><\/div>\n\n\n\n<p class=\"has-text-align-center has-luminous-vivid-orange-color has-text-color has-link-color has-medium-font-size wp-elements-44dbf4afd304c6e7bd50c0314192f99d\"><strong> Vendredi Saint \u00e0 St Eug\u00e8ne<\/strong><\/p>\n\n\n\n<figure class=\"wp-block-gallery has-nested-images columns-default is-cropped wp-block-gallery-3 is-layout-flex wp-block-gallery-is-layout-flex\">\n<figure class=\"wp-block-image size-large\"><img loading=\"lazy\" decoding=\"async\" width=\"600\" height=\"800\" data-id=\"7081\" src=\"https:\/\/catholiques17.fr\/archiac\/wp-content\/uploads\/sites\/26\/2024\/04\/Vendredi-Saint-1.jpg\" alt=\"\" class=\"wp-image-7081\" srcset=\"https:\/\/catholiques17.fr\/archiac\/wp-content\/uploads\/sites\/26\/2024\/04\/Vendredi-Saint-1.jpg 600w, https:\/\/catholiques17.fr\/archiac\/wp-content\/uploads\/sites\/26\/2024\/04\/Vendredi-Saint-1-480x640.jpg 480w\" sizes=\"(min-width: 0px) and (max-width: 480px) 480px, (min-width: 481px) 600px, 100vw\" \/><\/figure>\n\n\n\n<figure class=\"wp-block-image size-large\"><img loading=\"lazy\" decoding=\"async\" width=\"600\" height=\"800\" data-id=\"7080\" src=\"https:\/\/catholiques17.fr\/archiac\/wp-content\/uploads\/sites\/26\/2024\/04\/WhatsApp-Image-2024-04-02-a-11.08.11_0ada5efb.jpg\" alt=\"\" class=\"wp-image-7080\" srcset=\"https:\/\/catholiques17.fr\/archiac\/wp-content\/uploads\/sites\/26\/2024\/04\/WhatsApp-Image-2024-04-02-a-11.08.11_0ada5efb.jpg 600w, https:\/\/catholiques17.fr\/archiac\/wp-content\/uploads\/sites\/26\/2024\/04\/WhatsApp-Image-2024-04-02-a-11.08.11_0ada5efb-480x640.jpg 480w\" sizes=\"(min-width: 0px) and (max-width: 480px) 480px, (min-width: 481px) 600px, 100vw\" \/><\/figure>\n<\/figure>\n\n\n\n<figure class=\"wp-block-gallery has-nested-images columns-default is-cropped wp-block-gallery-4 is-layout-flex wp-block-gallery-is-layout-flex\">\n<figure class=\"wp-block-image size-large\"><img loading=\"lazy\" decoding=\"async\" width=\"600\" height=\"800\" data-id=\"7082\" src=\"https:\/\/catholiques17.fr\/archiac\/wp-content\/uploads\/sites\/26\/2024\/04\/WhatsApp-Image-2024-04-02-a-11.08.11_9f312aef.jpg\" alt=\"\" class=\"wp-image-7082\" srcset=\"https:\/\/catholiques17.fr\/archiac\/wp-content\/uploads\/sites\/26\/2024\/04\/WhatsApp-Image-2024-04-02-a-11.08.11_9f312aef.jpg 600w, https:\/\/catholiques17.fr\/archiac\/wp-content\/uploads\/sites\/26\/2024\/04\/WhatsApp-Image-2024-04-02-a-11.08.11_9f312aef-480x640.jpg 480w\" sizes=\"(min-width: 0px) and (max-width: 480px) 480px, (min-width: 481px) 600px, 100vw\" \/><\/figure>\n\n\n\n<figure class=\"wp-block-image size-large\"><img loading=\"lazy\" decoding=\"async\" width=\"800\" height=\"600\" data-id=\"7083\" src=\"https:\/\/catholiques17.fr\/archiac\/wp-content\/uploads\/sites\/26\/2024\/04\/WhatsApp-Image-2024-04-02-a-11.08.11_e1935332.jpg\" alt=\"\" class=\"wp-image-7083\" srcset=\"https:\/\/catholiques17.fr\/archiac\/wp-content\/uploads\/sites\/26\/2024\/04\/WhatsApp-Image-2024-04-02-a-11.08.11_e1935332.jpg 800w, https:\/\/catholiques17.fr\/archiac\/wp-content\/uploads\/sites\/26\/2024\/04\/WhatsApp-Image-2024-04-02-a-11.08.11_e1935332-480x360.jpg 480w\" sizes=\"(min-width: 0px) and (max-width: 480px) 480px, (min-width: 481px) 800px, 100vw\" \/><\/figure>\n<\/figure>\n\n\n\n<div style=\"height:8px\" aria-hidden=\"true\" class=\"wp-block-spacer\"><\/div>\n\n\n\n<p class=\"has-text-align-center has-luminous-vivid-orange-color has-text-color has-link-color has-medium-font-size wp-elements-148760437faa82819f5971413e392687\"><strong>Vigile Pascale \u00e0 Arthenac<\/strong><\/p>\n\n\n\n<figure class=\"wp-block-gallery has-nested-images columns-default is-cropped wp-block-gallery-5 is-layout-flex wp-block-gallery-is-layout-flex\">\n<figure class=\"wp-block-image size-large\"><img loading=\"lazy\" decoding=\"async\" width=\"800\" height=\"369\" data-id=\"7089\" src=\"https:\/\/catholiques17.fr\/archiac\/wp-content\/uploads\/sites\/26\/2024\/04\/Veillee-Pascale2-2024-1.jpg\" alt=\"\" class=\"wp-image-7089\" srcset=\"https:\/\/catholiques17.fr\/archiac\/wp-content\/uploads\/sites\/26\/2024\/04\/Veillee-Pascale2-2024-1.jpg 800w, https:\/\/catholiques17.fr\/archiac\/wp-content\/uploads\/sites\/26\/2024\/04\/Veillee-Pascale2-2024-1-480x221.jpg 480w\" sizes=\"(min-width: 0px) and (max-width: 480px) 480px, (min-width: 481px) 800px, 100vw\" \/><\/figure>\n<\/figure>\n\n\n\n<figure class=\"wp-block-gallery has-nested-images columns-default is-cropped wp-block-gallery-6 is-layout-flex wp-block-gallery-is-layout-flex\">\n<figure class=\"wp-block-image size-large\"><img loading=\"lazy\" decoding=\"async\" width=\"372\" height=\"800\" data-id=\"7091\" src=\"https:\/\/catholiques17.fr\/archiac\/wp-content\/uploads\/sites\/26\/2024\/04\/Veillee-Pascale3-2024-1.jpg\" alt=\"\" class=\"wp-image-7091\" srcset=\"https:\/\/catholiques17.fr\/archiac\/wp-content\/uploads\/sites\/26\/2024\/04\/Veillee-Pascale3-2024-1.jpg 372w, https:\/\/catholiques17.fr\/archiac\/wp-content\/uploads\/sites\/26\/2024\/04\/Veillee-Pascale3-2024-1-140x300.jpg 140w\" sizes=\"(max-width: 372px) 100vw, 372px\" \/><\/figure>\n\n\n\n<figure class=\"wp-block-image size-large\"><img loading=\"lazy\" decoding=\"async\" width=\"479\" height=\"800\" data-id=\"7090\" src=\"https:\/\/catholiques17.fr\/archiac\/wp-content\/uploads\/sites\/26\/2024\/04\/Veillee-Pascale4-2024-1.jpg\" alt=\"\" class=\"wp-image-7090\" srcset=\"https:\/\/catholiques17.fr\/archiac\/wp-content\/uploads\/sites\/26\/2024\/04\/Veillee-Pascale4-2024-1.jpg 479w, https:\/\/catholiques17.fr\/archiac\/wp-content\/uploads\/sites\/26\/2024\/04\/Veillee-Pascale4-2024-1-180x300.jpg 180w\" sizes=\"(max-width: 479px) 100vw, 479px\" \/><\/figure>\n<\/figure>\n\n\n\n<div style=\"height:11px\" aria-hidden=\"true\" class=\"wp-block-spacer\"><\/div>\n\n\n\n<p class=\"has-text-align-center has-luminous-vivid-orange-color has-text-color has-link-color has-medium-font-size wp-elements-e51b6018e80ef00c6c922732718b6412\"><strong>Messe de P\u00e2ques \u00e0 Germignac<\/strong><\/p>\n\n\n\n<figure class=\"wp-block-gallery has-nested-images columns-default is-cropped wp-block-gallery-7 is-layout-flex wp-block-gallery-is-layout-flex\">\n<figure class=\"wp-block-image size-large\"><img loading=\"lazy\" decoding=\"async\" width=\"800\" height=\"600\" data-id=\"7092\" src=\"https:\/\/catholiques17.fr\/archiac\/wp-content\/uploads\/sites\/26\/2024\/04\/WhatsApp-Image-2024-04-02-a-11.09.26_d5d4d7e6.jpg\" alt=\"\" class=\"wp-image-7092\" srcset=\"https:\/\/catholiques17.fr\/archiac\/wp-content\/uploads\/sites\/26\/2024\/04\/WhatsApp-Image-2024-04-02-a-11.09.26_d5d4d7e6.jpg 800w, https:\/\/catholiques17.fr\/archiac\/wp-content\/uploads\/sites\/26\/2024\/04\/WhatsApp-Image-2024-04-02-a-11.09.26_d5d4d7e6-480x360.jpg 480w\" sizes=\"(min-width: 0px) and (max-width: 480px) 480px, (min-width: 481px) 800px, 100vw\" \/><\/figure>\n<\/figure>\n\n\n\n<figure class=\"wp-block-gallery has-nested-images columns-default is-cropped wp-block-gallery-8 is-layout-flex wp-block-gallery-is-layout-flex\">\n<figure class=\"wp-block-image size-large\"><img loading=\"lazy\" decoding=\"async\" width=\"600\" height=\"800\" data-id=\"7093\" src=\"https:\/\/catholiques17.fr\/archiac\/wp-content\/uploads\/sites\/26\/2024\/04\/WhatsApp-Image-2024-04-02-a-11.09.26_6c16f5ef.jpg\" alt=\"\" class=\"wp-image-7093\" srcset=\"https:\/\/catholiques17.fr\/archiac\/wp-content\/uploads\/sites\/26\/2024\/04\/WhatsApp-Image-2024-04-02-a-11.09.26_6c16f5ef.jpg 600w, https:\/\/catholiques17.fr\/archiac\/wp-content\/uploads\/sites\/26\/2024\/04\/WhatsApp-Image-2024-04-02-a-11.09.26_6c16f5ef-480x640.jpg 480w\" sizes=\"(min-width: 0px) and (max-width: 480px) 480px, (min-width: 481px) 600px, 100vw\" \/><\/figure>\n\n\n\n<figure class=\"wp-block-image size-large\"><img loading=\"lazy\" decoding=\"async\" width=\"600\" height=\"800\" data-id=\"7095\" src=\"https:\/\/catholiques17.fr\/archiac\/wp-content\/uploads\/sites\/26\/2024\/04\/WhatsApp-Image-2024-04-02-a-11.09.26_7b071fd9.jpg\" alt=\"\" class=\"wp-image-7095\" srcset=\"https:\/\/catholiques17.fr\/archiac\/wp-content\/uploads\/sites\/26\/2024\/04\/WhatsApp-Image-2024-04-02-a-11.09.26_7b071fd9.jpg 600w, https:\/\/catholiques17.fr\/archiac\/wp-content\/uploads\/sites\/26\/2024\/04\/WhatsApp-Image-2024-04-02-a-11.09.26_7b071fd9-480x640.jpg 480w\" sizes=\"(min-width: 0px) and (max-width: 480px) 480px, (min-width: 481px) 600px, 100vw\" \/><\/figure>\n\n\n\n<figure class=\"wp-block-image size-large\"><img loading=\"lazy\" decoding=\"async\" width=\"600\" height=\"800\" data-id=\"7094\" src=\"https:\/\/catholiques17.fr\/archiac\/wp-content\/uploads\/sites\/26\/2024\/04\/WhatsApp-Image-2024-04-02-a-11.09.26_040da2a5.jpg\" alt=\"\" class=\"wp-image-7094\" srcset=\"https:\/\/catholiques17.fr\/archiac\/wp-content\/uploads\/sites\/26\/2024\/04\/WhatsApp-Image-2024-04-02-a-11.09.26_040da2a5.jpg 600w, https:\/\/catholiques17.fr\/archiac\/wp-content\/uploads\/sites\/26\/2024\/04\/WhatsApp-Image-2024-04-02-a-11.09.26_040da2a5-480x640.jpg 480w\" sizes=\"(min-width: 0px) and (max-width: 480px) 480px, (min-width: 481px) 600px, 100vw\" \/><\/figure>\n<\/figure>\n","protected":false},"excerpt":{"rendered":"<p>Retrouvez tous les temps forts de cette mont\u00e9e vers P\u00e2ques 2024 marqu\u00e9e par une forte participation dans toutes les Eglises de la Paroisse ainsi que 2 bapt\u00eames. Jeudi Saint \u00e0 [&hellip;]<\/p>\n","protected":false},"author":39,"featured_media":7041,"comment_status":"open","ping_status":"open","sticky":false,"template":"","format":"standard","meta":{"_et_pb_use_builder":"off","_et_pb_old_content":"","_et_gb_content_width":"","footnotes":""},"categories":[33],"tags":[],"class_list":["post-7072","post","type-post","status-publish","format-standard","has-post-thumbnail","hentry","category-paroisse"],"_links":{"self":[{"href":"https:\/\/catholiques17.fr\/archiac\/wp-json\/wp\/v2\/posts\/7072","targetHints":{"allow":["GET"]}}],"collection":[{"href":"https:\/\/catholiques17.fr\/archiac\/wp-json\/wp\/v2\/posts"}],"about":[{"href":"https:\/\/catholiques17.fr\/archiac\/wp-json\/wp\/v2\/types\/post"}],"author":[{"embeddable":true,"href":"https:\/\/catholiques17.fr\/archiac\/wp-json\/wp\/v2\/users\/39"}],"replies":[{"embeddable":true,"href":"https:\/\/catholiques17.fr\/archiac\/wp-json\/wp\/v2\/comments?post=7072"}],"version-history":[{"count":3,"href":"https:\/\/catholiques17.fr\/archiac\/wp-json\/wp\/v2\/posts\/7072\/revisions"}],"predecessor-version":[{"id":7098,"href":"https:\/\/catholiques17.fr\/archiac\/wp-json\/wp\/v2\/posts\/7072\/revisions\/7098"}],"wp:featuredmedia":[{"embeddable":true,"href":"https:\/\/catholiques17.fr\/archiac\/wp-json\/wp\/v2\/media\/7041"}],"wp:attachment":[{"href":"https:\/\/catholiques17.fr\/archiac\/wp-json\/wp\/v2\/media?parent=7072"}],"wp:term":[{"taxonomy":"category","embeddable":true,"href":"https:\/\/catholiques17.fr\/archiac\/wp-json\/wp\/v2\/categories?post=7072"},{"taxonomy":"post_tag","embeddable":true,"href":"https:\/\/catholiques17.fr\/archiac\/wp-json\/wp\/v2\/tags?post=7072"}],"curies":[{"name":"wp","href":"https:\/\/api.w.org\/{rel}","templated":true}]}}