{"id":6993,"date":"2024-02-26T15:12:02","date_gmt":"2024-02-26T14:12:02","guid":{"rendered":"https:\/\/catholiques17.fr\/archiac\/?p=6993"},"modified":"2024-02-26T15:12:02","modified_gmt":"2024-02-26T14:12:02","slug":"vie-de-la-paroisse-messe-des-familles-du-18-fevrier-2024-a-germignac","status":"publish","type":"post","link":"https:\/\/catholiques17.fr\/archiac\/2024\/02\/26\/vie-de-la-paroisse-messe-des-familles-du-18-fevrier-2024-a-germignac\/","title":{"rendered":"Vie de la Paroisse \u2013 Messe des Familles du 18 F\u00e9vrier 2024 \u00e0 Germignac"},"content":{"rendered":"\n<div style=\"height:16px\" aria-hidden=\"true\" class=\"wp-block-spacer\"><\/div>\n\n\n\n<p class=\"has-text-align-center has-luminous-vivid-orange-color has-text-color has-link-color wp-elements-2e9b3e6addfddd0d11c8a5a847894d23\"><strong>Tes chemins, Seigneur, sont amour et v\u00e9rit\u00e9 pour qui garde ton alliance<\/strong><\/p>\n\n\n\n<div style=\"height:16px\" aria-hidden=\"true\" class=\"wp-block-spacer\"><\/div>\n\n\n\n<figure class=\"wp-block-gallery has-nested-images columns-default is-cropped wp-block-gallery-1 is-layout-flex wp-block-gallery-is-layout-flex\">\n<figure class=\"wp-block-image size-large\"><img loading=\"lazy\" decoding=\"async\" width=\"600\" height=\"800\" data-id=\"6998\" src=\"https:\/\/catholiques17.fr\/archiac\/wp-content\/uploads\/sites\/26\/2024\/02\/IMG-20240226-WA0010-1.jpg\" alt=\"\" class=\"wp-image-6998\" srcset=\"https:\/\/catholiques17.fr\/archiac\/wp-content\/uploads\/sites\/26\/2024\/02\/IMG-20240226-WA0010-1.jpg 600w, https:\/\/catholiques17.fr\/archiac\/wp-content\/uploads\/sites\/26\/2024\/02\/IMG-20240226-WA0010-1-480x640.jpg 480w\" sizes=\"(min-width: 0px) and (max-width: 480px) 480px, (min-width: 481px) 600px, 100vw\" \/><\/figure>\n<\/figure>\n\n\n\n<p class=\"has-text-align-center has-luminous-vivid-orange-color has-text-color has-link-color wp-elements-34e26e923e3b733cb1db15e2b59a7257\">Procession d&rsquo;entr\u00e9e des enfants du Cat\u00e9chisme qui apportent les offrandes et les bougies \u00e0 disposer sur le chemin.<\/p>\n\n\n\n<div style=\"height:7px\" aria-hidden=\"true\" class=\"wp-block-spacer\"><\/div>\n\n\n\n<figure class=\"wp-block-image aligncenter size-full\"><img loading=\"lazy\" decoding=\"async\" width=\"600\" height=\"800\" src=\"https:\/\/catholiques17.fr\/archiac\/wp-content\/uploads\/sites\/26\/2024\/02\/IMG-20240226-WA0006.jpg\" alt=\"\" class=\"wp-image-6999\" srcset=\"https:\/\/catholiques17.fr\/archiac\/wp-content\/uploads\/sites\/26\/2024\/02\/IMG-20240226-WA0006.jpg 600w, https:\/\/catholiques17.fr\/archiac\/wp-content\/uploads\/sites\/26\/2024\/02\/IMG-20240226-WA0006-480x640.jpg 480w\" sizes=\"(min-width: 0px) and (max-width: 480px) 480px, (min-width: 481px) 600px, 100vw\" \/><\/figure>\n\n\n\n<p class=\"has-luminous-vivid-orange-color has-text-color has-link-color wp-elements-a91bb98c1600075b560479db31018cb9\">Que ce temps de car\u00eame renforce notre volont\u00e9 de mieux servir nos fr\u00e8res avec amour et compassion.                                                                                                                                                                    Nous te prions Seigneur !<\/p>\n\n\n\n<p class=\"has-luminous-vivid-orange-color has-text-color has-link-color wp-elements-2f39f121afc13d28d77be53947d5b703\">Nous traversons parfois le d\u00e9sert du doute. Seigneur nous te demandons que ce temps de car\u00eame nous permette de d\u00e9couvrir ton visage de bont\u00e9 et d&rsquo;amour. Nous te prions Seigneur !<\/p>\n\n\n\n<div style=\"height:14px\" aria-hidden=\"true\" class=\"wp-block-spacer\"><\/div>\n\n\n\n<figure class=\"wp-block-image size-full is-resized\"><img loading=\"lazy\" decoding=\"async\" width=\"800\" height=\"600\" src=\"https:\/\/catholiques17.fr\/archiac\/wp-content\/uploads\/sites\/26\/2024\/02\/IMG-20240226-WA0012-1.jpg\" alt=\"\" class=\"wp-image-7000\" style=\"width:823px;height:auto\" srcset=\"https:\/\/catholiques17.fr\/archiac\/wp-content\/uploads\/sites\/26\/2024\/02\/IMG-20240226-WA0012-1.jpg 800w, https:\/\/catholiques17.fr\/archiac\/wp-content\/uploads\/sites\/26\/2024\/02\/IMG-20240226-WA0012-1-480x360.jpg 480w\" sizes=\"(min-width: 0px) and (max-width: 480px) 480px, (min-width: 481px) 800px, 100vw\" \/><\/figure>\n\n\n\n<p class=\"has-text-align-center has-luminous-vivid-orange-color has-text-color has-link-color wp-elements-ee7112a96f783be20933c67fc47d0f49\"><strong>Notre Chemin \u00e0 accomplir  &#8211; &#8211; &#8211; &#8211; &#8211;  &gt;   Chemin  de Car\u00eame<\/strong><\/p>\n\n\n\n<div style=\"height:8px\" aria-hidden=\"true\" class=\"wp-block-spacer\"><\/div>\n\n\n\n<p class=\"has-text-align-center has-luminous-vivid-orange-color has-text-color has-link-color wp-elements-72648880a7d7d6d6215133f17fabab01\">Il est droit, il est bon, le Seigneur,<\/p>\n\n\n\n<p class=\"has-text-align-center has-luminous-vivid-orange-color has-text-color has-link-color wp-elements-19865c43b85a7ef1eeed6eaefed46c16\">Lui qui montre aux p\u00e9cheurs le chemin<\/p>\n\n\n\n<p class=\"has-text-align-center has-luminous-vivid-orange-color has-text-color has-link-color wp-elements-f0934ef8966e675e4eb8a5e40c5b4b65\">Sa justice dirige les humbles,<\/p>\n\n\n\n<p class=\"has-text-align-center has-luminous-vivid-orange-color has-text-color has-link-color wp-elements-408dc874a3994d8f6c3c23357dd96e76\">Il enseigne aux humbles son chemin.    (Ps 24, 8-9)<\/p>\n\n\n\n<p><\/p>\n\n\n\n<div style=\"height:10px\" aria-hidden=\"true\" class=\"wp-block-spacer\"><\/div>\n\n\n\n<figure class=\"wp-block-image aligncenter size-full\"><img loading=\"lazy\" decoding=\"async\" width=\"800\" height=\"600\" src=\"https:\/\/catholiques17.fr\/archiac\/wp-content\/uploads\/sites\/26\/2024\/02\/IMG-20240226-WA0002.jpg\" alt=\"\" class=\"wp-image-7001\" srcset=\"https:\/\/catholiques17.fr\/archiac\/wp-content\/uploads\/sites\/26\/2024\/02\/IMG-20240226-WA0002.jpg 800w, https:\/\/catholiques17.fr\/archiac\/wp-content\/uploads\/sites\/26\/2024\/02\/IMG-20240226-WA0002-480x360.jpg 480w\" sizes=\"(min-width: 0px) and (max-width: 480px) 480px, (min-width: 481px) 800px, 100vw\" \/><\/figure>\n\n\n\n<p class=\"has-text-align-center has-luminous-vivid-orange-color has-text-color has-link-color wp-elements-477e4866fa12d1dc34985622d668edba\"><strong>Convertissez vous et croyez \u00e0 l&rsquo;Evangile     ( Mc 1, 12-15)<\/strong><\/p>\n\n\n\n<p><\/p>\n","protected":false},"excerpt":{"rendered":"<p>Tes chemins, Seigneur, sont amour et v\u00e9rit\u00e9 pour qui garde ton alliance Procession d&rsquo;entr\u00e9e des enfants du Cat\u00e9chisme qui apportent les offrandes et les bougies \u00e0 disposer sur le chemin. [&hellip;]<\/p>\n","protected":false},"author":39,"featured_media":6994,"comment_status":"open","ping_status":"open","sticky":false,"template":"","format":"standard","meta":{"_et_pb_use_builder":"off","_et_pb_old_content":"","_et_gb_content_width":"","footnotes":""},"categories":[6,34,33],"tags":[],"class_list":["post-6993","post","type-post","status-publish","format-standard","has-post-thumbnail","hentry","category-actualite","category-catechisme","category-paroisse"],"_links":{"self":[{"href":"https:\/\/catholiques17.fr\/archiac\/wp-json\/wp\/v2\/posts\/6993","targetHints":{"allow":["GET"]}}],"collection":[{"href":"https:\/\/catholiques17.fr\/archiac\/wp-json\/wp\/v2\/posts"}],"about":[{"href":"https:\/\/catholiques17.fr\/archiac\/wp-json\/wp\/v2\/types\/post"}],"author":[{"embeddable":true,"href":"https:\/\/catholiques17.fr\/archiac\/wp-json\/wp\/v2\/users\/39"}],"replies":[{"embeddable":true,"href":"https:\/\/catholiques17.fr\/archiac\/wp-json\/wp\/v2\/comments?post=6993"}],"version-history":[{"count":3,"href":"https:\/\/catholiques17.fr\/archiac\/wp-json\/wp\/v2\/posts\/6993\/revisions"}],"predecessor-version":[{"id":7003,"href":"https:\/\/catholiques17.fr\/archiac\/wp-json\/wp\/v2\/posts\/6993\/revisions\/7003"}],"wp:featuredmedia":[{"embeddable":true,"href":"https:\/\/catholiques17.fr\/archiac\/wp-json\/wp\/v2\/media\/6994"}],"wp:attachment":[{"href":"https:\/\/catholiques17.fr\/archiac\/wp-json\/wp\/v2\/media?parent=6993"}],"wp:term":[{"taxonomy":"category","embeddable":true,"href":"https:\/\/catholiques17.fr\/archiac\/wp-json\/wp\/v2\/categories?post=6993"},{"taxonomy":"post_tag","embeddable":true,"href":"https:\/\/catholiques17.fr\/archiac\/wp-json\/wp\/v2\/tags?post=6993"}],"curies":[{"name":"wp","href":"https:\/\/api.w.org\/{rel}","templated":true}]}}