{"id":6937,"date":"2024-01-24T12:46:48","date_gmt":"2024-01-24T11:46:48","guid":{"rendered":"https:\/\/catholiques17.fr\/archiac\/?p=6937"},"modified":"2024-01-24T14:40:27","modified_gmt":"2024-01-24T13:40:27","slug":"veillee-de-noel-2023-a-st-pierre-darchiac","status":"publish","type":"post","link":"https:\/\/catholiques17.fr\/archiac\/2024\/01\/24\/veillee-de-noel-2023-a-st-pierre-darchiac\/","title":{"rendered":"Vie de la Paroisse &#8211; Veill\u00e9e de No\u00ebl 2023 \u00e0 St Pierre d&rsquo;Archiac"},"content":{"rendered":"\n<div style=\"height:14px\" aria-hidden=\"true\" class=\"wp-block-spacer\"><\/div>\n\n\n\n<figure class=\"wp-block-gallery has-nested-images columns-default is-cropped wp-block-gallery-1 is-layout-flex wp-block-gallery-is-layout-flex\">\n<figure class=\"wp-block-image size-large\"><img loading=\"lazy\" decoding=\"async\" width=\"600\" height=\"800\" data-id=\"6940\" src=\"https:\/\/catholiques17.fr\/archiac\/wp-content\/uploads\/sites\/26\/2024\/01\/IMG-20240122-WA0009.jpg\" alt=\"\" class=\"wp-image-6940\" srcset=\"https:\/\/catholiques17.fr\/archiac\/wp-content\/uploads\/sites\/26\/2024\/01\/IMG-20240122-WA0009.jpg 600w, https:\/\/catholiques17.fr\/archiac\/wp-content\/uploads\/sites\/26\/2024\/01\/IMG-20240122-WA0009-480x640.jpg 480w\" sizes=\"(min-width: 0px) and (max-width: 480px) 480px, (min-width: 481px) 600px, 100vw\" \/><\/figure>\n\n\n\n<figure class=\"wp-block-image size-large is-style-default\"><img loading=\"lazy\" decoding=\"async\" width=\"600\" height=\"800\" data-id=\"6939\" src=\"https:\/\/catholiques17.fr\/archiac\/wp-content\/uploads\/sites\/26\/2024\/01\/IMG-20240122-WA0007.jpg\" alt=\"\" class=\"wp-image-6939\" srcset=\"https:\/\/catholiques17.fr\/archiac\/wp-content\/uploads\/sites\/26\/2024\/01\/IMG-20240122-WA0007.jpg 600w, https:\/\/catholiques17.fr\/archiac\/wp-content\/uploads\/sites\/26\/2024\/01\/IMG-20240122-WA0007-480x640.jpg 480w\" sizes=\"(min-width: 0px) and (max-width: 480px) 480px, (min-width: 481px) 600px, 100vw\" \/><\/figure>\n\n\n\n<figure class=\"wp-block-image size-large\"><img loading=\"lazy\" decoding=\"async\" width=\"600\" height=\"800\" data-id=\"6941\" src=\"https:\/\/catholiques17.fr\/archiac\/wp-content\/uploads\/sites\/26\/2024\/01\/IMG-20240122-WA0010.jpg\" alt=\"\" class=\"wp-image-6941\" srcset=\"https:\/\/catholiques17.fr\/archiac\/wp-content\/uploads\/sites\/26\/2024\/01\/IMG-20240122-WA0010.jpg 600w, https:\/\/catholiques17.fr\/archiac\/wp-content\/uploads\/sites\/26\/2024\/01\/IMG-20240122-WA0010-480x640.jpg 480w\" sizes=\"(min-width: 0px) and (max-width: 480px) 480px, (min-width: 481px) 600px, 100vw\" \/><\/figure>\n<\/figure>\n\n\n\n<div style=\"height:8px\" aria-hidden=\"true\" class=\"wp-block-spacer\"><\/div>\n\n\n\n<p class=\"has-text-align-center has-luminous-vivid-orange-color has-text-color has-link-color wp-elements-f755e3d52dcd6cebe5e5bb20780ff1a5\"><strong>Arriv\u00e9e de la Lumi\u00e8re de la Paix de Bethl\u00e9em&nbsp;et pr\u00e9sentation par le P\u00e8re Guy<\/strong><\/p>\n\n\n\n<div style=\"height:15px\" aria-hidden=\"true\" class=\"wp-block-spacer\"><\/div>\n\n\n\n<figure class=\"wp-block-gallery has-nested-images columns-default is-cropped wp-block-gallery-2 is-layout-flex wp-block-gallery-is-layout-flex\">\n<figure class=\"wp-block-image size-large\"><img loading=\"lazy\" decoding=\"async\" width=\"600\" height=\"800\" data-id=\"6944\" src=\"https:\/\/catholiques17.fr\/archiac\/wp-content\/uploads\/sites\/26\/2024\/01\/IMG-20240122-WA0024.jpg\" alt=\"\" class=\"wp-image-6944\" srcset=\"https:\/\/catholiques17.fr\/archiac\/wp-content\/uploads\/sites\/26\/2024\/01\/IMG-20240122-WA0024.jpg 600w, https:\/\/catholiques17.fr\/archiac\/wp-content\/uploads\/sites\/26\/2024\/01\/IMG-20240122-WA0024-480x640.jpg 480w\" sizes=\"(min-width: 0px) and (max-width: 480px) 480px, (min-width: 481px) 600px, 100vw\" \/><\/figure>\n\n\n\n<figure class=\"wp-block-image size-large\"><img loading=\"lazy\" decoding=\"async\" width=\"800\" height=\"600\" data-id=\"6943\" src=\"https:\/\/catholiques17.fr\/archiac\/wp-content\/uploads\/sites\/26\/2024\/01\/IMG-20240122-WA0018.jpg\" alt=\"\" class=\"wp-image-6943\" srcset=\"https:\/\/catholiques17.fr\/archiac\/wp-content\/uploads\/sites\/26\/2024\/01\/IMG-20240122-WA0018.jpg 800w, https:\/\/catholiques17.fr\/archiac\/wp-content\/uploads\/sites\/26\/2024\/01\/IMG-20240122-WA0018-480x360.jpg 480w\" sizes=\"(min-width: 0px) and (max-width: 480px) 480px, (min-width: 481px) 800px, 100vw\" \/><\/figure>\n\n\n\n<figure class=\"wp-block-image size-large\"><img loading=\"lazy\" decoding=\"async\" width=\"600\" height=\"800\" data-id=\"6942\" src=\"https:\/\/catholiques17.fr\/archiac\/wp-content\/uploads\/sites\/26\/2024\/01\/IMG-20240122-WA0022.jpg\" alt=\"\" class=\"wp-image-6942\" srcset=\"https:\/\/catholiques17.fr\/archiac\/wp-content\/uploads\/sites\/26\/2024\/01\/IMG-20240122-WA0022.jpg 600w, https:\/\/catholiques17.fr\/archiac\/wp-content\/uploads\/sites\/26\/2024\/01\/IMG-20240122-WA0022-480x640.jpg 480w\" sizes=\"(min-width: 0px) and (max-width: 480px) 480px, (min-width: 481px) 600px, 100vw\" \/><\/figure>\n<\/figure>\n\n\n\n<figure class=\"wp-block-gallery has-nested-images columns-default is-cropped wp-block-gallery-3 is-layout-flex wp-block-gallery-is-layout-flex\">\n<figure class=\"wp-block-image size-large\"><img loading=\"lazy\" decoding=\"async\" width=\"600\" height=\"800\" data-id=\"6946\" src=\"https:\/\/catholiques17.fr\/archiac\/wp-content\/uploads\/sites\/26\/2024\/01\/IMG-20240122-WA0031.jpg\" alt=\"\" class=\"wp-image-6946\" srcset=\"https:\/\/catholiques17.fr\/archiac\/wp-content\/uploads\/sites\/26\/2024\/01\/IMG-20240122-WA0031.jpg 600w, https:\/\/catholiques17.fr\/archiac\/wp-content\/uploads\/sites\/26\/2024\/01\/IMG-20240122-WA0031-480x640.jpg 480w\" sizes=\"(min-width: 0px) and (max-width: 480px) 480px, (min-width: 481px) 600px, 100vw\" \/><\/figure>\n\n\n\n<figure class=\"wp-block-image size-large\"><img loading=\"lazy\" decoding=\"async\" width=\"600\" height=\"800\" data-id=\"6945\" src=\"https:\/\/catholiques17.fr\/archiac\/wp-content\/uploads\/sites\/26\/2024\/01\/IMG-20240122-WA0033.jpg\" alt=\"\" class=\"wp-image-6945\" srcset=\"https:\/\/catholiques17.fr\/archiac\/wp-content\/uploads\/sites\/26\/2024\/01\/IMG-20240122-WA0033.jpg 600w, https:\/\/catholiques17.fr\/archiac\/wp-content\/uploads\/sites\/26\/2024\/01\/IMG-20240122-WA0033-480x640.jpg 480w\" sizes=\"(min-width: 0px) and (max-width: 480px) 480px, (min-width: 481px) 600px, 100vw\" \/><\/figure>\n\n\n\n<figure class=\"wp-block-image size-large\"><img loading=\"lazy\" decoding=\"async\" width=\"600\" height=\"800\" data-id=\"6947\" src=\"https:\/\/catholiques17.fr\/archiac\/wp-content\/uploads\/sites\/26\/2024\/01\/IMG-20240122-WA0028.jpg\" alt=\"\" class=\"wp-image-6947\" srcset=\"https:\/\/catholiques17.fr\/archiac\/wp-content\/uploads\/sites\/26\/2024\/01\/IMG-20240122-WA0028.jpg 600w, https:\/\/catholiques17.fr\/archiac\/wp-content\/uploads\/sites\/26\/2024\/01\/IMG-20240122-WA0028-480x640.jpg 480w\" sizes=\"(min-width: 0px) and (max-width: 480px) 480px, (min-width: 481px) 600px, 100vw\" \/><\/figure>\n<\/figure>\n\n\n\n<div style=\"height:11px\" aria-hidden=\"true\" class=\"wp-block-spacer\"><\/div>\n\n\n\n<figure class=\"wp-block-gallery has-nested-images columns-default is-cropped wp-block-gallery-4 is-layout-flex wp-block-gallery-is-layout-flex\">\n<figure class=\"wp-block-image size-large\"><img loading=\"lazy\" decoding=\"async\" width=\"600\" height=\"800\" data-id=\"6951\" src=\"https:\/\/catholiques17.fr\/archiac\/wp-content\/uploads\/sites\/26\/2024\/01\/IMG-20240122-WA0035-1.jpg\" alt=\"\" class=\"wp-image-6951\" srcset=\"https:\/\/catholiques17.fr\/archiac\/wp-content\/uploads\/sites\/26\/2024\/01\/IMG-20240122-WA0035-1.jpg 600w, https:\/\/catholiques17.fr\/archiac\/wp-content\/uploads\/sites\/26\/2024\/01\/IMG-20240122-WA0035-1-480x640.jpg 480w\" sizes=\"(min-width: 0px) and (max-width: 480px) 480px, (min-width: 481px) 600px, 100vw\" \/><\/figure>\n\n\n\n<figure class=\"wp-block-image size-full\"><img loading=\"lazy\" decoding=\"async\" width=\"800\" height=\"600\" data-id=\"6954\" src=\"https:\/\/catholiques17.fr\/archiac\/wp-content\/uploads\/sites\/26\/2024\/01\/IMG-20240122-WA0038-1.jpg\" alt=\"\" class=\"wp-image-6954\" srcset=\"https:\/\/catholiques17.fr\/archiac\/wp-content\/uploads\/sites\/26\/2024\/01\/IMG-20240122-WA0038-1.jpg 800w, https:\/\/catholiques17.fr\/archiac\/wp-content\/uploads\/sites\/26\/2024\/01\/IMG-20240122-WA0038-1-480x360.jpg 480w\" sizes=\"(min-width: 0px) and (max-width: 480px) 480px, (min-width: 481px) 800px, 100vw\" \/><\/figure>\n\n\n\n<figure class=\"wp-block-image size-full\"><img loading=\"lazy\" decoding=\"async\" width=\"600\" height=\"800\" data-id=\"6975\" src=\"https:\/\/catholiques17.fr\/archiac\/wp-content\/uploads\/sites\/26\/2024\/01\/IMG-20240122-WA0034-1.jpg\" alt=\"\" class=\"wp-image-6975\" srcset=\"https:\/\/catholiques17.fr\/archiac\/wp-content\/uploads\/sites\/26\/2024\/01\/IMG-20240122-WA0034-1.jpg 600w, https:\/\/catholiques17.fr\/archiac\/wp-content\/uploads\/sites\/26\/2024\/01\/IMG-20240122-WA0034-1-480x640.jpg 480w\" sizes=\"(min-width: 0px) and (max-width: 480px) 480px, (min-width: 481px) 600px, 100vw\" \/><\/figure>\n<\/figure>\n\n\n\n<p class=\"has-text-align-center has-luminous-vivid-orange-color has-text-color has-link-color wp-elements-e7770c9234afaad434ead082d9544f34\">Cette ann\u00e9e encore, les enfants du Cat\u00e9chisme et les jeunes de l&rsquo;Aum\u00f4nerie ont pr\u00e9par\u00e9 et anim\u00e9 la Messe de Minuit.<\/p>\n\n\n\n<div style=\"height:11px\" aria-hidden=\"true\" class=\"wp-block-spacer\"><\/div>\n\n\n\n<figure class=\"wp-block-video\"><video height=\"480\" style=\"aspect-ratio: 848 \/ 480;\" width=\"848\" controls src=\"https:\/\/catholiques17.fr\/archiac\/wp-content\/uploads\/sites\/26\/2024\/01\/VID-20240122-WA0001.mp4\"><\/video><\/figure>\n","protected":false},"excerpt":{"rendered":"<p>Arriv\u00e9e de la Lumi\u00e8re de la Paix de Bethl\u00e9em&nbsp;et pr\u00e9sentation par le P\u00e8re Guy Cette ann\u00e9e encore, les enfants du Cat\u00e9chisme et les jeunes de l&rsquo;Aum\u00f4nerie ont pr\u00e9par\u00e9 et anim\u00e9 [&hellip;]<\/p>\n","protected":false},"author":39,"featured_media":6938,"comment_status":"open","ping_status":"open","sticky":false,"template":"","format":"standard","meta":{"_et_pb_use_builder":"off","_et_pb_old_content":"","_et_gb_content_width":"","footnotes":""},"categories":[6,34,33],"tags":[],"class_list":["post-6937","post","type-post","status-publish","format-standard","has-post-thumbnail","hentry","category-actualite","category-catechisme","category-paroisse"],"_links":{"self":[{"href":"https:\/\/catholiques17.fr\/archiac\/wp-json\/wp\/v2\/posts\/6937","targetHints":{"allow":["GET"]}}],"collection":[{"href":"https:\/\/catholiques17.fr\/archiac\/wp-json\/wp\/v2\/posts"}],"about":[{"href":"https:\/\/catholiques17.fr\/archiac\/wp-json\/wp\/v2\/types\/post"}],"author":[{"embeddable":true,"href":"https:\/\/catholiques17.fr\/archiac\/wp-json\/wp\/v2\/users\/39"}],"replies":[{"embeddable":true,"href":"https:\/\/catholiques17.fr\/archiac\/wp-json\/wp\/v2\/comments?post=6937"}],"version-history":[{"count":5,"href":"https:\/\/catholiques17.fr\/archiac\/wp-json\/wp\/v2\/posts\/6937\/revisions"}],"predecessor-version":[{"id":6976,"href":"https:\/\/catholiques17.fr\/archiac\/wp-json\/wp\/v2\/posts\/6937\/revisions\/6976"}],"wp:featuredmedia":[{"embeddable":true,"href":"https:\/\/catholiques17.fr\/archiac\/wp-json\/wp\/v2\/media\/6938"}],"wp:attachment":[{"href":"https:\/\/catholiques17.fr\/archiac\/wp-json\/wp\/v2\/media?parent=6937"}],"wp:term":[{"taxonomy":"category","embeddable":true,"href":"https:\/\/catholiques17.fr\/archiac\/wp-json\/wp\/v2\/categories?post=6937"},{"taxonomy":"post_tag","embeddable":true,"href":"https:\/\/catholiques17.fr\/archiac\/wp-json\/wp\/v2\/tags?post=6937"}],"curies":[{"name":"wp","href":"https:\/\/api.w.org\/{rel}","templated":true}]}}