{"id":6825,"date":"2023-12-09T16:52:51","date_gmt":"2023-12-09T15:52:51","guid":{"rendered":"https:\/\/catholiques17.fr\/archiac\/?p=6825"},"modified":"2023-12-19T16:35:04","modified_gmt":"2023-12-19T15:35:04","slug":"les-dimanches-de-lavent-de-la-paroisse","status":"publish","type":"post","link":"https:\/\/catholiques17.fr\/archiac\/2023\/12\/09\/les-dimanches-de-lavent-de-la-paroisse\/","title":{"rendered":"Les Dimanches de l&rsquo;Avent de la Paroisse"},"content":{"rendered":"\n<div style=\"height:19px\" aria-hidden=\"true\" class=\"wp-block-spacer\"><\/div>\n\n\n\n<p class=\"has-luminous-vivid-orange-color has-text-color has-link-color wp-elements-3438c301c4165c6c0fc8b222b2881019\">L&rsquo;Avent&nbsp;d\u00e9bute quatre dimanches avant No\u00ebl et se termine la veille du 25 d\u00e9cembre. Chacun de ces dimanches porte une signification qui lui est propre.<\/p>\n\n\n\n<p class=\"has-luminous-vivid-orange-color has-text-color has-link-color wp-elements-4e047c4e7c5b179db2ccfc5d35b850a3\">Chaque dimanche, une bougie suppl\u00e9mentaire sera allum\u00e9e sur la couronne de l\u2019Avent<\/p>\n\n\n\n<figure class=\"wp-block-image aligncenter size-full is-resized\"><img loading=\"lazy\" decoding=\"async\" width=\"640\" height=\"480\" src=\"https:\/\/catholiques17.fr\/archiac\/wp-content\/uploads\/sites\/26\/2023\/12\/2\u00b0Dimanche-Avent-1-2.jpg\" alt=\"\" class=\"wp-image-6863\" style=\"width:347px;height:auto\" srcset=\"https:\/\/catholiques17.fr\/archiac\/wp-content\/uploads\/sites\/26\/2023\/12\/2\u00b0Dimanche-Avent-1-2.jpg 640w, https:\/\/catholiques17.fr\/archiac\/wp-content\/uploads\/sites\/26\/2023\/12\/2\u00b0Dimanche-Avent-1-2-300x225.jpg 300w, https:\/\/catholiques17.fr\/archiac\/wp-content\/uploads\/sites\/26\/2023\/12\/2\u00b0Dimanche-Avent-1-2-510x382.jpg 510w, https:\/\/catholiques17.fr\/archiac\/wp-content\/uploads\/sites\/26\/2023\/12\/2\u00b0Dimanche-Avent-1-2-480x360.jpg 480w\" sizes=\"(max-width: 640px) 100vw, 640px\" \/><\/figure>\n\n\n\n<p class=\"has-luminous-vivid-orange-color has-text-color has-link-color wp-elements-0e0f54e0d0fcb70122ea0507684aa1d7\">Sera \u00e9galement expos\u00e9e devant l\u2019autel, La lanterne de la Paix, fabriqu\u00e9e par la communaut\u00e9 de B\u00e9denac et une intention de pri\u00e8re \u00e9crite par cette communaut\u00e9 sera lue lors de la pri\u00e8re universelle. <\/p>\n\n\n\n<figure class=\"wp-block-image aligncenter size-full is-resized\"><img loading=\"lazy\" decoding=\"async\" width=\"480\" height=\"640\" src=\"https:\/\/catholiques17.fr\/archiac\/wp-content\/uploads\/sites\/26\/2023\/12\/Lanterne-Bedenac-1-rotated.jpg\" alt=\"\" class=\"wp-image-6862\" style=\"width:260px;height:auto\" srcset=\"https:\/\/catholiques17.fr\/archiac\/wp-content\/uploads\/sites\/26\/2023\/12\/Lanterne-Bedenac-1-rotated.jpg 480w, https:\/\/catholiques17.fr\/archiac\/wp-content\/uploads\/sites\/26\/2023\/12\/Lanterne-Bedenac-1-225x300.jpg 225w\" sizes=\"(max-width: 480px) 100vw, 480px\" \/><\/figure>\n\n\n\n<p class=\"has-luminous-vivid-orange-color has-text-color has-link-color wp-elements-44844e15edc3a120739991e1b6a8c8ad\">Chaque dimanche de l&rsquo;Avent, nous nous focalisons sur l&rsquo;une des quatre vertus que J\u00e9sus nous apporte&nbsp;:<strong><em> l\u2019Esp\u00e9rance, l\u2019Amour, la Joie et la Paix.<\/em><\/strong><\/p>\n\n\n\n<p class=\"has-luminous-vivid-orange-color has-text-color has-link-color wp-elements-a411c91a0bac17b46e7a00e2a8ced8b7\">Les dates \u00e0 retenir dans notre Paroisse :<\/p>\n\n\n\n<p class=\"has-luminous-vivid-orange-color has-text-color has-link-color wp-elements-b7cb53869b4907bf1dd6993ca1c6da89\">                                   <strong>1\u00b0 dimanche de l\u2019Aven<\/strong>t \u2013 Messe Dimanche 3 D\u00e9cembre \u00e0 Neulles \u00e0 10h30     \u2018\u2019&nbsp; <strong><em>L\u2019Esp\u00e9rance<\/em><\/strong>&nbsp; \u2018\u2019<\/p>\n\n\n\n<p class=\"has-luminous-vivid-orange-color has-text-color has-link-color wp-elements-0b6276b874dfbf367a41ae520070b34e\">                                    <strong>2\u00b0 dimanche de l\u2019Avent<\/strong> \u2013 Messe Dimanche 10 D\u00e9cembre \u00e0 Jarnac-Champagne \u00e0 10h30      \u2018\u2019&nbsp; <strong><em>L\u2019Amour<\/em><\/strong>&nbsp; \u2018\u2019<\/p>\n\n\n\n<p class=\"has-luminous-vivid-orange-color has-text-color has-link-color wp-elements-1e7589e44d69ee556d46f8c200bd0c1f\">                                    <strong>3\u00b0 dimanche de l\u2019Avent <\/strong>\u2013 Messe Dimanche 17 D\u00e9cembre \u00e0 St Martial sur N\u00e9 \u00e0 10h30      \u2018\u2019&nbsp;<strong> <em>La Joie<\/em><\/strong>&nbsp; \u2018\u2019<\/p>\n\n\n\n<p class=\"has-luminous-vivid-orange-color has-text-color has-link-color wp-elements-6427e6505defc2c3babb0e2e99b6545d\">                                    <strong>4\u00b0 dimanche de l\u2019Avent<\/strong> \u2013 Messe Samedi 23 D\u00e9cembre \u00e0 Lonzac \u00e0 18h       \u2018\u2019\u00a0 <strong><em>La Paix<\/em><\/strong>\u00a0 \u2018\u2019<\/p>\n\n\n\n<div style=\"height:15px\" aria-hidden=\"true\" class=\"wp-block-spacer\"><\/div>\n\n\n\n<p class=\"has-luminous-vivid-orange-color has-text-color has-link-color wp-elements-85da7329e7d7c10b00dc6db2bb4cef7c\">Nous vous souhaitons une belle marche vers No\u00ebl pleine de partage et de Paix<\/p>\n\n\n\n<p><\/p>\n\n\n\n<p class=\"has-text-align-center\"><\/p>\n","protected":false},"excerpt":{"rendered":"<p>L&rsquo;Avent&nbsp;d\u00e9bute quatre dimanches avant No\u00ebl et se termine la veille du 25 d\u00e9cembre. Chacun de ces dimanches porte une signification qui lui est propre. Chaque dimanche, une bougie suppl\u00e9mentaire sera [&hellip;]<\/p>\n","protected":false},"author":39,"featured_media":6826,"comment_status":"open","ping_status":"open","sticky":false,"template":"","format":"standard","meta":{"_et_pb_use_builder":"off","_et_pb_old_content":"","_et_gb_content_width":"","footnotes":""},"categories":[6,33],"tags":[],"class_list":["post-6825","post","type-post","status-publish","format-standard","has-post-thumbnail","hentry","category-actualite","category-paroisse"],"_links":{"self":[{"href":"https:\/\/catholiques17.fr\/archiac\/wp-json\/wp\/v2\/posts\/6825","targetHints":{"allow":["GET"]}}],"collection":[{"href":"https:\/\/catholiques17.fr\/archiac\/wp-json\/wp\/v2\/posts"}],"about":[{"href":"https:\/\/catholiques17.fr\/archiac\/wp-json\/wp\/v2\/types\/post"}],"author":[{"embeddable":true,"href":"https:\/\/catholiques17.fr\/archiac\/wp-json\/wp\/v2\/users\/39"}],"replies":[{"embeddable":true,"href":"https:\/\/catholiques17.fr\/archiac\/wp-json\/wp\/v2\/comments?post=6825"}],"version-history":[{"count":5,"href":"https:\/\/catholiques17.fr\/archiac\/wp-json\/wp\/v2\/posts\/6825\/revisions"}],"predecessor-version":[{"id":6876,"href":"https:\/\/catholiques17.fr\/archiac\/wp-json\/wp\/v2\/posts\/6825\/revisions\/6876"}],"wp:featuredmedia":[{"embeddable":true,"href":"https:\/\/catholiques17.fr\/archiac\/wp-json\/wp\/v2\/media\/6826"}],"wp:attachment":[{"href":"https:\/\/catholiques17.fr\/archiac\/wp-json\/wp\/v2\/media?parent=6825"}],"wp:term":[{"taxonomy":"category","embeddable":true,"href":"https:\/\/catholiques17.fr\/archiac\/wp-json\/wp\/v2\/categories?post=6825"},{"taxonomy":"post_tag","embeddable":true,"href":"https:\/\/catholiques17.fr\/archiac\/wp-json\/wp\/v2\/tags?post=6825"}],"curies":[{"name":"wp","href":"https:\/\/api.w.org\/{rel}","templated":true}]}}