{"id":6804,"date":"2023-12-01T15:47:56","date_gmt":"2023-12-01T14:47:56","guid":{"rendered":"https:\/\/catholiques17.fr\/archiac\/?p=6804"},"modified":"2023-12-01T15:47:58","modified_gmt":"2023-12-01T14:47:58","slug":"journee-du-secours-catholique-et-messe-des-familles-du-18-novembre-2023","status":"publish","type":"post","link":"https:\/\/catholiques17.fr\/archiac\/2023\/12\/01\/journee-du-secours-catholique-et-messe-des-familles-du-18-novembre-2023\/","title":{"rendered":"Journ\u00e9e du Secours Catholique et Messe des Familles du 18 Novembre 2023"},"content":{"rendered":"\n<div style=\"height:19px\" aria-hidden=\"true\" class=\"wp-block-spacer\"><\/div>\n\n\n\n<figure class=\"wp-block-image aligncenter size-full\"><img loading=\"lazy\" decoding=\"async\" width=\"480\" height=\"640\" src=\"https:\/\/catholiques17.fr\/archiac\/wp-content\/uploads\/sites\/26\/2023\/11\/IMG_3249-rotated.jpg\" alt=\"\" class=\"wp-image-6808\" srcset=\"https:\/\/catholiques17.fr\/archiac\/wp-content\/uploads\/sites\/26\/2023\/11\/IMG_3249-rotated.jpg 480w, https:\/\/catholiques17.fr\/archiac\/wp-content\/uploads\/sites\/26\/2023\/11\/IMG_3249-225x300.jpg 225w\" sizes=\"(max-width: 480px) 100vw, 480px\" \/><\/figure>\n\n\n\n<div style=\"height:17px\" aria-hidden=\"true\" class=\"wp-block-spacer\"><\/div>\n\n\n\n<p>Ce Dimanche 19 Novembre 2023 en l\u2019Eglise Saint Pierre d\u2019Archiac,&nbsp;lors de la messe des Familles, nous c\u00e9l\u00e9brions aussi la journ\u00e9e nationale du Secours Catholique.<\/p>\n\n\n\n<p>Au Secours Catholique d\u2019Archiac, les 8 b\u00e9n\u00e9voles qui aident les personnes et les familles en pr\u00e9carit\u00e9, distribuent des bons alimentaires &nbsp;pour offrir un acc\u00e8s digne \u00e0 l\u2019alimentation. .<\/p>\n\n\n\n<p>Toujours tr\u00e8s sollicit\u00e9 par les services sociaux pour les cas urgents, elles mettent \u00e9galement en \u0153uvre des dossiers de demandes d\u2019aides financi\u00e8res.<\/p>\n\n\n\n<p>La qu\u00eate de ce dimanche \u00e9tait faite au profit du Secours Catholique et des enveloppes \u00e9taient \u00e0 disposition au fond de l\u2019Eglise.<\/p>\n\n\n\n<p>Le Secours Catholique remercie \u00e9galement les enfants de la cat\u00e9ch\u00e8se et de l\u2019aum\u00f4nerie d\u2019avoir offert jouets ou livres pour les enfants des familles en difficult\u00e9.<\/p>\n\n\n\n<div style=\"height:15px\" aria-hidden=\"true\" class=\"wp-block-spacer\"><\/div>\n\n\n\n<figure class=\"wp-block-image aligncenter size-full\"><img loading=\"lazy\" decoding=\"async\" width=\"640\" height=\"480\" src=\"https:\/\/catholiques17.fr\/archiac\/wp-content\/uploads\/sites\/26\/2023\/11\/IMG_3248.jpg\" alt=\"\" class=\"wp-image-6809\" srcset=\"https:\/\/catholiques17.fr\/archiac\/wp-content\/uploads\/sites\/26\/2023\/11\/IMG_3248.jpg 640w, https:\/\/catholiques17.fr\/archiac\/wp-content\/uploads\/sites\/26\/2023\/11\/IMG_3248-480x360.jpg 480w\" sizes=\"(min-width: 0px) and (max-width: 480px) 480px, (min-width: 481px) 640px, 100vw\" \/><\/figure>\n\n\n\n<div style=\"height:14px\" aria-hidden=\"true\" class=\"wp-block-spacer\"><\/div>\n\n\n\n<figure class=\"wp-block-image aligncenter size-full\"><img loading=\"lazy\" decoding=\"async\" width=\"480\" height=\"640\" src=\"https:\/\/catholiques17.fr\/archiac\/wp-content\/uploads\/sites\/26\/2023\/11\/IMG_3256-2-rotated.jpg\" alt=\"\" class=\"wp-image-6810\" srcset=\"https:\/\/catholiques17.fr\/archiac\/wp-content\/uploads\/sites\/26\/2023\/11\/IMG_3256-2-rotated.jpg 480w, https:\/\/catholiques17.fr\/archiac\/wp-content\/uploads\/sites\/26\/2023\/11\/IMG_3256-2-225x300.jpg 225w\" sizes=\"(max-width: 480px) 100vw, 480px\" \/><\/figure>\n\n\n\n<div style=\"height:13px\" aria-hidden=\"true\" class=\"wp-block-spacer\"><\/div>\n\n\n\n<p>Au cat\u00e9chisme nous avons lu le texte de l\u2019\u00e9vangile de ce Dimanche,&nbsp; Mathieu (Ch.25, 14-30) et nous avons cherch\u00e9 les talents que Dieu nous a confi\u00e9s. Nous avons r\u00e9fl\u00e9chi \u00e0 la mani\u00e8re de les faire prosp\u00e9rer pour le bonheur des personnes que nous rencontrons. Les feuilles de cet arbre de vie repr\u00e9sentent nos propres talents.<\/p>\n\n\n\n<div style=\"height:13px\" aria-hidden=\"true\" class=\"wp-block-spacer\"><\/div>\n\n\n\n<figure class=\"wp-block-image aligncenter size-full\"><img loading=\"lazy\" decoding=\"async\" width=\"640\" height=\"480\" src=\"https:\/\/catholiques17.fr\/archiac\/wp-content\/uploads\/sites\/26\/2023\/11\/IMG_3261.jpg\" alt=\"\" class=\"wp-image-6812\" srcset=\"https:\/\/catholiques17.fr\/archiac\/wp-content\/uploads\/sites\/26\/2023\/11\/IMG_3261.jpg 640w, https:\/\/catholiques17.fr\/archiac\/wp-content\/uploads\/sites\/26\/2023\/11\/IMG_3261-480x360.jpg 480w\" sizes=\"(min-width: 0px) and (max-width: 480px) 480px, (min-width: 481px) 640px, 100vw\" \/><\/figure>\n\n\n\n<div style=\"height:12px\" aria-hidden=\"true\" class=\"wp-block-spacer\"><\/div>\n\n\n\n<figure class=\"wp-block-image aligncenter size-full\"><img loading=\"lazy\" decoding=\"async\" width=\"640\" height=\"480\" src=\"https:\/\/catholiques17.fr\/archiac\/wp-content\/uploads\/sites\/26\/2023\/12\/IMG_3264.jpg\" alt=\"\" class=\"wp-image-6814\" srcset=\"https:\/\/catholiques17.fr\/archiac\/wp-content\/uploads\/sites\/26\/2023\/12\/IMG_3264.jpg 640w, https:\/\/catholiques17.fr\/archiac\/wp-content\/uploads\/sites\/26\/2023\/12\/IMG_3264-480x360.jpg 480w\" sizes=\"(min-width: 0px) and (max-width: 480px) 480px, (min-width: 481px) 640px, 100vw\" \/><\/figure>\n","protected":false},"excerpt":{"rendered":"<p>Ce Dimanche 19 Novembre 2023 en l\u2019Eglise Saint Pierre d\u2019Archiac,&nbsp;lors de la messe des Familles, nous c\u00e9l\u00e9brions aussi la journ\u00e9e nationale du Secours Catholique. Au Secours Catholique d\u2019Archiac, les 8 [&hellip;]<\/p>\n","protected":false},"author":39,"featured_media":6805,"comment_status":"open","ping_status":"open","sticky":false,"template":"","format":"standard","meta":{"_et_pb_use_builder":"off","_et_pb_old_content":"","_et_gb_content_width":"","footnotes":""},"categories":[6,33],"tags":[],"class_list":["post-6804","post","type-post","status-publish","format-standard","has-post-thumbnail","hentry","category-actualite","category-paroisse"],"_links":{"self":[{"href":"https:\/\/catholiques17.fr\/archiac\/wp-json\/wp\/v2\/posts\/6804","targetHints":{"allow":["GET"]}}],"collection":[{"href":"https:\/\/catholiques17.fr\/archiac\/wp-json\/wp\/v2\/posts"}],"about":[{"href":"https:\/\/catholiques17.fr\/archiac\/wp-json\/wp\/v2\/types\/post"}],"author":[{"embeddable":true,"href":"https:\/\/catholiques17.fr\/archiac\/wp-json\/wp\/v2\/users\/39"}],"replies":[{"embeddable":true,"href":"https:\/\/catholiques17.fr\/archiac\/wp-json\/wp\/v2\/comments?post=6804"}],"version-history":[{"count":2,"href":"https:\/\/catholiques17.fr\/archiac\/wp-json\/wp\/v2\/posts\/6804\/revisions"}],"predecessor-version":[{"id":6815,"href":"https:\/\/catholiques17.fr\/archiac\/wp-json\/wp\/v2\/posts\/6804\/revisions\/6815"}],"wp:featuredmedia":[{"embeddable":true,"href":"https:\/\/catholiques17.fr\/archiac\/wp-json\/wp\/v2\/media\/6805"}],"wp:attachment":[{"href":"https:\/\/catholiques17.fr\/archiac\/wp-json\/wp\/v2\/media?parent=6804"}],"wp:term":[{"taxonomy":"category","embeddable":true,"href":"https:\/\/catholiques17.fr\/archiac\/wp-json\/wp\/v2\/categories?post=6804"},{"taxonomy":"post_tag","embeddable":true,"href":"https:\/\/catholiques17.fr\/archiac\/wp-json\/wp\/v2\/tags?post=6804"}],"curies":[{"name":"wp","href":"https:\/\/api.w.org\/{rel}","templated":true}]}}