{"id":6760,"date":"2023-10-25T15:38:57","date_gmt":"2023-10-25T13:38:57","guid":{"rendered":"https:\/\/catholiques17.fr\/archiac\/?p=6760"},"modified":"2023-10-25T15:38:59","modified_gmt":"2023-10-25T13:38:59","slug":"ouverture-de-lannee-pastorale-et-envoi-en-mission","status":"publish","type":"post","link":"https:\/\/catholiques17.fr\/archiac\/2023\/10\/25\/ouverture-de-lannee-pastorale-et-envoi-en-mission\/","title":{"rendered":"Ouverture de l&rsquo;Ann\u00e9e Pastorale et Envoi en Mission"},"content":{"rendered":"\n<div style=\"height:24px\" aria-hidden=\"true\" class=\"wp-block-spacer\"><\/div>\n\n\n\n<p class=\"has-luminous-vivid-orange-color has-text-color\">Ce Dimanche 22 octobre 2023 en l\u2019Eglise de St Germain de Vibrac, a \u00e9t\u00e9 ouverte officiellement notre Ann\u00e9e Pastorale.<\/p>\n\n\n\n<div style=\"height:14px\" aria-hidden=\"true\" class=\"wp-block-spacer\"><\/div>\n\n\n\n<figure class=\"wp-block-image aligncenter size-full\"><img loading=\"lazy\" decoding=\"async\" width=\"640\" height=\"480\" src=\"https:\/\/catholiques17.fr\/archiac\/wp-content\/uploads\/sites\/26\/2023\/10\/IMG_3173.jpg\" alt=\"\" class=\"wp-image-6692\" srcset=\"https:\/\/catholiques17.fr\/archiac\/wp-content\/uploads\/sites\/26\/2023\/10\/IMG_3173.jpg 640w, https:\/\/catholiques17.fr\/archiac\/wp-content\/uploads\/sites\/26\/2023\/10\/IMG_3173-480x360.jpg 480w\" sizes=\"(min-width: 0px) and (max-width: 480px) 480px, (min-width: 481px) 640px, 100vw\" \/><\/figure>\n\n\n\n<div style=\"height:16px\" aria-hidden=\"true\" class=\"wp-block-spacer\"><\/div>\n\n\n\n<p class=\"has-luminous-vivid-orange-color has-text-color\">Apr\u00e8s avoir, tout au long de l\u2019ann\u00e9e pass\u00e9e, travaill\u00e9 plus \u00e9troitement avec les enfants et les jeunes, cette ann\u00e9e nous allons privil\u00e9gier la deuxi\u00e8me r\u00e9solution&nbsp;:<\/p>\n\n\n\n<p class=\"has-text-align-center has-luminous-vivid-orange-color has-text-color\"><strong><em>Prendre soin des plus fragiles, des isol\u00e9s, des personnes \u00e2g\u00e9es, des malades, des \u00e9migr\u00e9s<\/em><\/strong><em>.<\/em><\/p>\n\n\n\n<p class=\"has-luminous-vivid-orange-color has-text-color\">Vaste programme, qui demandera l\u2019attention et la participation de tous.<\/p>\n\n\n\n<div style=\"height:19px\" aria-hidden=\"true\" class=\"wp-block-spacer\"><\/div>\n\n\n\n<p class=\"has-luminous-vivid-orange-color has-text-color\">Ce dimanche, c\u2019\u00e9tait aussi l\u2019Envoi en Mission pour toutes les personnes de la Paroisse qui s\u2019engagent dans les diff\u00e9rents services\u00a0:<\/p>\n\n\n\n<figure class=\"wp-block-gallery has-nested-images columns-default is-cropped wp-block-gallery-1 is-layout-flex wp-block-gallery-is-layout-flex\">\n<figure class=\"wp-block-image size-large\"><img loading=\"lazy\" decoding=\"async\" width=\"480\" height=\"640\" data-id=\"6694\" src=\"https:\/\/catholiques17.fr\/archiac\/wp-content\/uploads\/sites\/26\/2023\/10\/IMG_3167-rotated.jpg\" alt=\"\" class=\"wp-image-6694\" srcset=\"https:\/\/catholiques17.fr\/archiac\/wp-content\/uploads\/sites\/26\/2023\/10\/IMG_3167-rotated.jpg 480w, https:\/\/catholiques17.fr\/archiac\/wp-content\/uploads\/sites\/26\/2023\/10\/IMG_3167-225x300.jpg 225w\" sizes=\"(max-width: 480px) 100vw, 480px\" \/><\/figure>\n\n\n\n<figure class=\"wp-block-image size-large\"><img loading=\"lazy\" decoding=\"async\" width=\"480\" height=\"640\" data-id=\"6695\" src=\"https:\/\/catholiques17.fr\/archiac\/wp-content\/uploads\/sites\/26\/2023\/10\/IMG_3168-rotated.jpg\" alt=\"\" class=\"wp-image-6695\" srcset=\"https:\/\/catholiques17.fr\/archiac\/wp-content\/uploads\/sites\/26\/2023\/10\/IMG_3168-rotated.jpg 480w, https:\/\/catholiques17.fr\/archiac\/wp-content\/uploads\/sites\/26\/2023\/10\/IMG_3168-225x300.jpg 225w\" sizes=\"(max-width: 480px) 100vw, 480px\" \/><\/figure>\n\n\n\n<figure class=\"wp-block-image size-large\"><img loading=\"lazy\" decoding=\"async\" width=\"480\" height=\"640\" data-id=\"6696\" src=\"https:\/\/catholiques17.fr\/archiac\/wp-content\/uploads\/sites\/26\/2023\/10\/IMG_3170-rotated.jpg\" alt=\"\" class=\"wp-image-6696\" srcset=\"https:\/\/catholiques17.fr\/archiac\/wp-content\/uploads\/sites\/26\/2023\/10\/IMG_3170-rotated.jpg 480w, https:\/\/catholiques17.fr\/archiac\/wp-content\/uploads\/sites\/26\/2023\/10\/IMG_3170-225x300.jpg 225w\" sizes=\"(max-width: 480px) 100vw, 480px\" \/><\/figure>\n<\/figure>\n\n\n\n<div style=\"height:16px\" aria-hidden=\"true\" class=\"wp-block-spacer\"><\/div>\n\n\n\n<p class=\"has-text-align-center has-luminous-vivid-orange-color has-text-color\"><strong>\u2026\u00a0 <em>Seigneur, tu nous appelles, garde nos pas sur ton chemin<\/em>\u00a0!<\/strong><\/p>\n\n\n\n<p class=\"has-luminous-vivid-orange-color has-text-color\">Nous avons confi\u00e9 au Seigneur toutes ces intentions et ces projets au cours de cette c\u00e9l\u00e9bration.<\/p>\n","protected":false},"excerpt":{"rendered":"<p>Ce Dimanche 22 octobre 2023 en l\u2019Eglise de St Germain de Vibrac, a \u00e9t\u00e9 ouverte officiellement notre Ann\u00e9e Pastorale. Apr\u00e8s avoir, tout au long de l\u2019ann\u00e9e pass\u00e9e, travaill\u00e9 plus \u00e9troitement [&hellip;]<\/p>\n","protected":false},"author":39,"featured_media":6731,"comment_status":"open","ping_status":"open","sticky":false,"template":"","format":"standard","meta":{"_et_pb_use_builder":"off","_et_pb_old_content":"","_et_gb_content_width":"","footnotes":""},"categories":[6,33],"tags":[],"class_list":["post-6760","post","type-post","status-publish","format-standard","has-post-thumbnail","hentry","category-actualite","category-paroisse"],"_links":{"self":[{"href":"https:\/\/catholiques17.fr\/archiac\/wp-json\/wp\/v2\/posts\/6760","targetHints":{"allow":["GET"]}}],"collection":[{"href":"https:\/\/catholiques17.fr\/archiac\/wp-json\/wp\/v2\/posts"}],"about":[{"href":"https:\/\/catholiques17.fr\/archiac\/wp-json\/wp\/v2\/types\/post"}],"author":[{"embeddable":true,"href":"https:\/\/catholiques17.fr\/archiac\/wp-json\/wp\/v2\/users\/39"}],"replies":[{"embeddable":true,"href":"https:\/\/catholiques17.fr\/archiac\/wp-json\/wp\/v2\/comments?post=6760"}],"version-history":[{"count":1,"href":"https:\/\/catholiques17.fr\/archiac\/wp-json\/wp\/v2\/posts\/6760\/revisions"}],"predecessor-version":[{"id":6762,"href":"https:\/\/catholiques17.fr\/archiac\/wp-json\/wp\/v2\/posts\/6760\/revisions\/6762"}],"wp:featuredmedia":[{"embeddable":true,"href":"https:\/\/catholiques17.fr\/archiac\/wp-json\/wp\/v2\/media\/6731"}],"wp:attachment":[{"href":"https:\/\/catholiques17.fr\/archiac\/wp-json\/wp\/v2\/media?parent=6760"}],"wp:term":[{"taxonomy":"category","embeddable":true,"href":"https:\/\/catholiques17.fr\/archiac\/wp-json\/wp\/v2\/categories?post=6760"},{"taxonomy":"post_tag","embeddable":true,"href":"https:\/\/catholiques17.fr\/archiac\/wp-json\/wp\/v2\/tags?post=6760"}],"curies":[{"name":"wp","href":"https:\/\/api.w.org\/{rel}","templated":true}]}}