{"id":6662,"date":"2023-10-15T18:22:48","date_gmt":"2023-10-15T16:22:48","guid":{"rendered":"https:\/\/catholiques17.fr\/archiac\/?p=6662"},"modified":"2023-10-15T18:31:37","modified_gmt":"2023-10-15T16:31:37","slug":"confirmations","status":"publish","type":"post","link":"https:\/\/catholiques17.fr\/archiac\/2023\/10\/15\/confirmations\/","title":{"rendered":"Confirmations"},"content":{"rendered":"<p>[et_pb_section fb_built=\u00a0\u00bb1&Prime; _builder_version=\u00a0\u00bb4.21.0&Prime; _module_preset=\u00a0\u00bbdefault\u00a0\u00bb global_colors_info=\u00a0\u00bb{}\u00a0\u00bb theme_builder_area=\u00a0\u00bbpost_content\u00a0\u00bb][et_pb_row _builder_version=\u00a0\u00bb4.21.0&Prime; _module_preset=\u00a0\u00bbdefault\u00a0\u00bb global_colors_info=\u00a0\u00bb{}\u00a0\u00bb theme_builder_area=\u00a0\u00bbpost_content\u00a0\u00bb][et_pb_column type=\u00a0\u00bb4_4&Prime; _builder_version=\u00a0\u00bb4.21.0&Prime; _module_preset=\u00a0\u00bbdefault\u00a0\u00bb global_colors_info=\u00a0\u00bb{}\u00a0\u00bb theme_builder_area=\u00a0\u00bbpost_content\u00a0\u00bb][et_pb_text _builder_version=\u00a0\u00bb4.21.0&Prime; _module_preset=\u00a0\u00bbdefault\u00a0\u00bb global_colors_info=\u00a0\u00bb{}\u00a0\u00bb theme_builder_area=\u00a0\u00bbpost_content\u00a0\u00bb]<\/p>\n<p>Ce samedi 14 octobre 2023 en l\u2019Eglise Saint Pierre d\u2019Archiac,\u00a0Adrien, Annick, Emmanuel, Horatio et Maxime ont re\u00e7u du Vicaire G\u00e9n\u00e9ral, le P\u00e8re Bertrand MONNARD, le Sacrement de Confirmation.<\/p>\n<p>\u00a0Ces jeunes ont chemin\u00e9 pendant plusieurs ann\u00e9es afin de recevoir l\u2019Esprit Saint comme les Ap\u00f4tres le jour de la Pentec\u00f4te.<\/p>\n<p>Puisse cette confirmation leurs donner plus de force afin de t\u00e9moigner de leur foi par la parole et par les actes\u00a0 pendant toute leur vie.<\/p>\n<p>Nous remercions toutes les personnes qui sont venues accompagner ces jeunes \u00e0 cette tr\u00e8s belle c\u00e9l\u00e9bration.<\/p>\n<p>.<\/p>\n<p>[\/et_pb_text][\/et_pb_column][\/et_pb_row][et_pb_row _builder_version=\u00a0\u00bb4.21.0&Prime; _module_preset=\u00a0\u00bbdefault\u00a0\u00bb theme_builder_area=\u00a0\u00bbpost_content\u00a0\u00bb column_structure=\u00a0\u00bb1_2,1_2&Prime;][et_pb_column _builder_version=\u00a0\u00bb4.21.0&Prime; _module_preset=\u00a0\u00bbdefault\u00a0\u00bb type=\u00a0\u00bb1_2&Prime; theme_builder_area=\u00a0\u00bbpost_content\u00a0\u00bb][et_pb_image src=\u00a0\u00bbhttps:\/\/catholiques17.fr\/archiac\/wp-content\/uploads\/sites\/26\/2023\/10\/1Confirmation.jpg\u00a0\u00bb _builder_version=\u00a0\u00bb4.21.0&Prime; _module_preset=\u00a0\u00bbdefault\u00a0\u00bb theme_builder_area=\u00a0\u00bbpost_content\u00a0\u00bb title_text=\u00a0\u00bb1Confirmation\u00a0\u00bb hover_enabled=\u00a0\u00bb0&Prime; sticky_enabled=\u00a0\u00bb0&Prime;][\/et_pb_image][\/et_pb_column][et_pb_column _builder_version=\u00a0\u00bb4.21.0&Prime; _module_preset=\u00a0\u00bbdefault\u00a0\u00bb type=\u00a0\u00bb1_2&Prime; theme_builder_area=\u00a0\u00bbpost_content\u00a0\u00bb][et_pb_image src=\u00a0\u00bbhttps:\/\/catholiques17.fr\/archiac\/wp-content\/uploads\/sites\/26\/2023\/10\/3Confirmation.jpg\u00a0\u00bb _builder_version=\u00a0\u00bb4.21.0&Prime; _module_preset=\u00a0\u00bbdefault\u00a0\u00bb theme_builder_area=\u00a0\u00bbpost_content\u00a0\u00bb title_text=\u00a0\u00bb3Confirmation\u00a0\u00bb hover_enabled=\u00a0\u00bb0&Prime; sticky_enabled=\u00a0\u00bb0&Prime;][\/et_pb_image][\/et_pb_column][\/et_pb_row][et_pb_row _builder_version=\u00a0\u00bb4.21.0&Prime; _module_preset=\u00a0\u00bbdefault\u00a0\u00bb theme_builder_area=\u00a0\u00bbpost_content\u00a0\u00bb column_structure=\u00a0\u00bb1_2,1_2&Prime;][et_pb_column _builder_version=\u00a0\u00bb4.21.0&Prime; _module_preset=\u00a0\u00bbdefault\u00a0\u00bb type=\u00a0\u00bb1_2&Prime; theme_builder_area=\u00a0\u00bbpost_content\u00a0\u00bb][et_pb_image src=\u00a0\u00bbhttps:\/\/catholiques17.fr\/archiac\/wp-content\/uploads\/sites\/26\/2023\/10\/2Confirmation-rotated.jpg\u00a0\u00bb _builder_version=\u00a0\u00bb4.21.0&Prime; _module_preset=\u00a0\u00bbdefault\u00a0\u00bb theme_builder_area=\u00a0\u00bbpost_content\u00a0\u00bb title_text=\u00a0\u00bb2Confirmation\u00a0\u00bb hover_enabled=\u00a0\u00bb0&Prime; sticky_enabled=\u00a0\u00bb0&Prime;][\/et_pb_image][\/et_pb_column][et_pb_column _builder_version=\u00a0\u00bb4.21.0&Prime; _module_preset=\u00a0\u00bbdefault\u00a0\u00bb type=\u00a0\u00bb1_2&Prime; theme_builder_area=\u00a0\u00bbpost_content\u00a0\u00bb][et_pb_image src=\u00a0\u00bbhttps:\/\/catholiques17.fr\/archiac\/wp-content\/uploads\/sites\/26\/2023\/10\/7Confirmation-rotated.jpg\u00a0\u00bb _builder_version=\u00a0\u00bb4.21.0&Prime; _module_preset=\u00a0\u00bbdefault\u00a0\u00bb theme_builder_area=\u00a0\u00bbpost_content\u00a0\u00bb title_text=\u00a0\u00bb7Confirmation\u00a0\u00bb hover_enabled=\u00a0\u00bb0&Prime; sticky_enabled=\u00a0\u00bb0&Prime;][\/et_pb_image][\/et_pb_column][\/et_pb_row][et_pb_row column_structure=\u00a0\u00bb1_2,1_2&Prime; _builder_version=\u00a0\u00bb4.21.0&Prime; _module_preset=\u00a0\u00bbdefault\u00a0\u00bb global_colors_info=\u00a0\u00bb{}\u00a0\u00bb theme_builder_area=\u00a0\u00bbpost_content\u00a0\u00bb][et_pb_column type=\u00a0\u00bb1_2&Prime; _builder_version=\u00a0\u00bb4.21.0&Prime; _module_preset=\u00a0\u00bbdefault\u00a0\u00bb global_colors_info=\u00a0\u00bb{}\u00a0\u00bb theme_builder_area=\u00a0\u00bbpost_content\u00a0\u00bb][et_pb_image src=\u00a0\u00bbhttps:\/\/catholiques17.fr\/archiac\/wp-content\/uploads\/sites\/26\/2023\/10\/4Confirmation.jpg\u00a0\u00bb title_text=\u00a0\u00bb4Confirmation\u00a0\u00bb _builder_version=\u00a0\u00bb4.21.0&Prime; _module_preset=\u00a0\u00bbdefault\u00a0\u00bb global_colors_info=\u00a0\u00bb{}\u00a0\u00bb theme_builder_area=\u00a0\u00bbpost_content\u00a0\u00bb][\/et_pb_image][\/et_pb_column][et_pb_column type=\u00a0\u00bb1_2&Prime; _builder_version=\u00a0\u00bb4.21.0&Prime; _module_preset=\u00a0\u00bbdefault\u00a0\u00bb global_colors_info=\u00a0\u00bb{}\u00a0\u00bb theme_builder_area=\u00a0\u00bbpost_content\u00a0\u00bb][et_pb_image src=\u00a0\u00bbhttps:\/\/catholiques17.fr\/archiac\/wp-content\/uploads\/sites\/26\/2023\/10\/5Confirmation.jpg\u00a0\u00bb title_text=\u00a0\u00bb5Confirmation\u00a0\u00bb _builder_version=\u00a0\u00bb4.21.0&Prime; _module_preset=\u00a0\u00bbdefault\u00a0\u00bb global_colors_info=\u00a0\u00bb{}\u00a0\u00bb theme_builder_area=\u00a0\u00bbpost_content\u00a0\u00bb][\/et_pb_image][\/et_pb_column][\/et_pb_row][et_pb_row column_structure=\u00a0\u00bb1_2,1_2&Prime; _builder_version=\u00a0\u00bb4.21.0&Prime; _module_preset=\u00a0\u00bbdefault\u00a0\u00bb global_colors_info=\u00a0\u00bb{}\u00a0\u00bb theme_builder_area=\u00a0\u00bbpost_content\u00a0\u00bb][et_pb_column type=\u00a0\u00bb1_2&Prime; _builder_version=\u00a0\u00bb4.21.0&Prime; _module_preset=\u00a0\u00bbdefault\u00a0\u00bb global_colors_info=\u00a0\u00bb{}\u00a0\u00bb theme_builder_area=\u00a0\u00bbpost_content\u00a0\u00bb][et_pb_image src=\u00a0\u00bbhttps:\/\/catholiques17.fr\/archiac\/wp-content\/uploads\/sites\/26\/2023\/10\/6Confirmation.jpg\u00a0\u00bb title_text=\u00a0\u00bb6Confirmation\u00a0\u00bb _builder_version=\u00a0\u00bb4.21.0&Prime; _module_preset=\u00a0\u00bbdefault\u00a0\u00bb global_colors_info=\u00a0\u00bb{}\u00a0\u00bb theme_builder_area=\u00a0\u00bbpost_content\u00a0\u00bb][\/et_pb_image][\/et_pb_column][et_pb_column type=\u00a0\u00bb1_2&Prime; _builder_version=\u00a0\u00bb4.21.0&Prime; _module_preset=\u00a0\u00bbdefault\u00a0\u00bb global_colors_info=\u00a0\u00bb{}\u00a0\u00bb theme_builder_area=\u00a0\u00bbpost_content\u00a0\u00bb][et_pb_image src=\u00a0\u00bbhttps:\/\/catholiques17.fr\/archiac\/wp-content\/uploads\/sites\/26\/2023\/10\/8Confirmartion.jpg\u00a0\u00bb title_text=\u00a0\u00bb8Confirmartion\u00a0\u00bb _builder_version=\u00a0\u00bb4.21.0&Prime; _module_preset=\u00a0\u00bbdefault\u00a0\u00bb global_colors_info=\u00a0\u00bb{}\u00a0\u00bb theme_builder_area=\u00a0\u00bbpost_content\u00a0\u00bb][\/et_pb_image][\/et_pb_column][\/et_pb_row][\/et_pb_section]<\/p>\n","protected":false},"excerpt":{"rendered":"<p>Ce samedi 14 octobre 2023 en l\u2019Eglise Saint Pierre d\u2019Archiac,\u00a0Adrien, Annick, Emmanuel, Horatio et Maxime ont re\u00e7u du Vicaire G\u00e9n\u00e9ral, le P\u00e8re Bertrand MONNARD, le Sacrement de Confirmation. \u00a0Ces jeunes [&hellip;]<\/p>\n","protected":false},"author":39,"featured_media":6671,"comment_status":"open","ping_status":"open","sticky":false,"template":"","format":"standard","meta":{"_et_pb_use_builder":"on","_et_pb_old_content":"","_et_gb_content_width":"","footnotes":""},"categories":[6,33],"tags":[],"class_list":["post-6662","post","type-post","status-publish","format-standard","has-post-thumbnail","hentry","category-actualite","category-paroisse"],"_links":{"self":[{"href":"https:\/\/catholiques17.fr\/archiac\/wp-json\/wp\/v2\/posts\/6662","targetHints":{"allow":["GET"]}}],"collection":[{"href":"https:\/\/catholiques17.fr\/archiac\/wp-json\/wp\/v2\/posts"}],"about":[{"href":"https:\/\/catholiques17.fr\/archiac\/wp-json\/wp\/v2\/types\/post"}],"author":[{"embeddable":true,"href":"https:\/\/catholiques17.fr\/archiac\/wp-json\/wp\/v2\/users\/39"}],"replies":[{"embeddable":true,"href":"https:\/\/catholiques17.fr\/archiac\/wp-json\/wp\/v2\/comments?post=6662"}],"version-history":[{"count":4,"href":"https:\/\/catholiques17.fr\/archiac\/wp-json\/wp\/v2\/posts\/6662\/revisions"}],"predecessor-version":[{"id":6676,"href":"https:\/\/catholiques17.fr\/archiac\/wp-json\/wp\/v2\/posts\/6662\/revisions\/6676"}],"wp:featuredmedia":[{"embeddable":true,"href":"https:\/\/catholiques17.fr\/archiac\/wp-json\/wp\/v2\/media\/6671"}],"wp:attachment":[{"href":"https:\/\/catholiques17.fr\/archiac\/wp-json\/wp\/v2\/media?parent=6662"}],"wp:term":[{"taxonomy":"category","embeddable":true,"href":"https:\/\/catholiques17.fr\/archiac\/wp-json\/wp\/v2\/categories?post=6662"},{"taxonomy":"post_tag","embeddable":true,"href":"https:\/\/catholiques17.fr\/archiac\/wp-json\/wp\/v2\/tags?post=6662"}],"curies":[{"name":"wp","href":"https:\/\/api.w.org\/{rel}","templated":true}]}}