{"id":6469,"date":"2023-07-24T19:56:49","date_gmt":"2023-07-24T17:56:49","guid":{"rendered":"https:\/\/catholiques17.fr\/archiac\/?p=6469"},"modified":"2023-08-04T15:19:21","modified_gmt":"2023-08-04T13:19:21","slug":"pelerinage-a-lile-madame","status":"publish","type":"post","link":"https:\/\/catholiques17.fr\/archiac\/2023\/07\/24\/pelerinage-a-lile-madame\/","title":{"rendered":"P\u00e8lerinage \u00e0 l&rsquo;Ile Madame"},"content":{"rendered":"<p>[et_pb_section fb_built=\u00a0\u00bb1&Prime; _builder_version=\u00a0\u00bb4.21.0&Prime; _module_preset=\u00a0\u00bbdefault\u00a0\u00bb global_colors_info=\u00a0\u00bb{}\u00a0\u00bb theme_builder_area=\u00a0\u00bbpost_content\u00a0\u00bb][et_pb_row _builder_version=\u00a0\u00bb4.21.0&Prime; _module_preset=\u00a0\u00bbdefault\u00a0\u00bb global_colors_info=\u00a0\u00bb{}\u00a0\u00bb theme_builder_area=\u00a0\u00bbpost_content\u00a0\u00bb][et_pb_column type=\u00a0\u00bb4_4&Prime; _builder_version=\u00a0\u00bb4.21.0&Prime; _module_preset=\u00a0\u00bbdefault\u00a0\u00bb global_colors_info=\u00a0\u00bb{}\u00a0\u00bb theme_builder_area=\u00a0\u00bbpost_content\u00a0\u00bb][et_pb_text _builder_version=\u00a0\u00bb4.21.0&Prime; _module_preset=\u00a0\u00bbdefault\u00a0\u00bb global_colors_info=\u00a0\u00bb{}\u00a0\u00bb theme_builder_area=\u00a0\u00bbpost_content\u00a0\u00bb]<\/p>\n<p>Pendant la R\u00e9volution fran\u00e7aise, la Constitution civile du clerg\u00e9 est adopt\u00e9e. Tous les pr\u00eatres doivent pr\u00eater serment. Les pr\u00eatres refractaires, qui refusent ce serment, sont condamn\u00e9s \u00e0 \u00eatre d\u00e9port\u00e9s.<span>\u00a0<\/span><span>829 pr\u00eatres et religieux, de 35 d\u00e9partements de France, sont enferm\u00e9s \u00e0 partir d\u2019avril 1794 sur les \u201cpontons de Rochefort\u201d, 2 vaisseaux n\u00e9griers les Deux Associ\u00e9s et le Washington. Ils sont sens\u00e9s \u00eatre d\u00e9port\u00e9s en Guyane mais restent ancr\u00e9s dans l\u2019embouchure de la Charente \u00e0 cause de leur mauvais \u00e9tat et du blocus anglais qui interdisait la sortie en haute mer. Leurs geoliers leur firent subir les pires souffrances, ans le but inavou\u00e9 de les faire dispara\u00eetre clandestinement et sans bruit. Sur les 829, 547 meurent en 10 mois. Seuls 282 sont lib\u00e9r\u00e9s en 1795.<\/span><\/p>\n<p><span>Les supplices qu\u2019ils ont subi, les vertus dont ils ont donn\u00e9 l\u2019exemple en souffrant pour leur foi, ont permis de les consid\u00e9rer comme martyrs. Le 1er octobre 1995, Jean-Paul II, b\u00e9atifiait 64 d\u2019entre eux, ceux pour lesquels on avait pu r\u00e9unir suffisamment d\u2019informations. Parmi eux, le bienheureux Jean-Baptiste Souzy, pr\u00eatre de La Rochelle.<\/span><\/p>\n<p>Comme chaque ann\u00e9e depuis plus d\u2019un si\u00e8cle, le dioc\u00e8se de La Rochelle se rend en p\u00e8lerinage \u00e0 l\u2019\u00cele Madame, o\u00f9 des centaines de ces pr\u00eatres et religieux ont \u00e9t\u00e9 enterr\u00e9s.<\/p>\n<p><strong>\u00a0 \u00a0 \u00a0 \u00a0 \u00a0 \u00a0 \u00a0 \u00a0 \u00a0 \u00a0 \u00a0 \u00a0 \u00a0 \u00a0 \u00a0 \u00a0 \u00a0 \u00a0 \u00a0 \u00a0 \u00a0 \u00a0 \u00a0 \u00a0 \u00a0 \u00a0 \u00a0 Cette ann\u00e9e, ce p\u00e8lerinage aura lieu le 23 ao\u00fbt<\/strong>.<\/p>\n<p>Venez marcher ensemble, en Eglise, avec ces pr\u00eatres martyrs qui nous montrent le chemin vers le Christ !<\/p>\n<p>&nbsp;<\/p>\n<p><strong>\u00a0 \u00a0 \u00a0 \u00a0 \u00a0 \u00a0 \u00a0 \u00a0 \u00a0 \u00a0 \u00a0 \u00a0 \u00a0 \u00a0 \u00a0 \u00a0 \u00a0 \u00a0 \u00a0 \u00a0 \u00a0 \u00a0 \u00a0 \u00a0 \u00a0 \u00a0 \u00a0 \u00a0 \u00a0 \u00a0 \u00a0 \u00a0 \u00a0 \u00a0 \u00a0 Le programme du p\u00e8lerinage<\/strong><\/p>\n<p>&nbsp;<\/p>\n<p><em>P\u00e8lerinage pr\u00e9sid\u00e9 par <\/em><em style=\"font-size: 14px;background-color: #ffffff\"><span style=\"font-size: 14px;font-weight: bold\">Mgr Pascal WINTZER<\/span><\/em><em style=\"font-size: 14px\">, archev\u00eaque de Poitiers et <strong>Mgr Fran\u00e7ois JACOLIN<\/strong>, administrateur apostolique du dioc\u00e8se de La Rochelle<\/em><span style=\"font-size: 14px\">.<\/span><\/p>\n<p>&nbsp;<\/p>\n<ul>\n<li><strong>9h45<\/strong>: Accueil des p\u00e8lerins \u00e0 la Pointe de Port-des-Barques<\/li>\n<li><strong>10h<\/strong>: Ouverture du p\u00e8lerinage, temps de confession<\/li>\n<li><strong>11h<\/strong>: Messe<\/li>\n<li><strong>12h15<\/strong>: Pique-nique. Possibilit\u00e9 de restauration avec un food truck.<\/li>\n<li><strong>14h<\/strong>: Enseignement de Mgr Wintzer<\/li>\n<li><strong>14h45<\/strong>: Procession \u00e0 la Croix des galets<\/li>\n<li><strong>16h<\/strong>: C\u00e9l\u00e9bration \u00e0 la Croix des galets et envoi<\/li>\n<\/ul>\n<p>[\/et_pb_text][\/et_pb_column][\/et_pb_row][\/et_pb_section]<\/p>\n","protected":false},"excerpt":{"rendered":"<p>Pendant la R\u00e9volution fran\u00e7aise, la Constitution civile du clerg\u00e9 est adopt\u00e9e. Tous les pr\u00eatres doivent pr\u00eater serment. Les pr\u00eatres refractaires, qui refusent ce serment, sont condamn\u00e9s \u00e0 \u00eatre d\u00e9port\u00e9s.\u00a0829 pr\u00eatres [&hellip;]<\/p>\n","protected":false},"author":39,"featured_media":6470,"comment_status":"open","ping_status":"open","sticky":false,"template":"","format":"standard","meta":{"_et_pb_use_builder":"on","_et_pb_old_content":"","_et_gb_content_width":"","footnotes":""},"categories":[6,19,30],"tags":[],"class_list":["post-6469","post","type-post","status-publish","format-standard","has-post-thumbnail","hentry","category-actualite","category-diocese","category-pelerinage"],"_links":{"self":[{"href":"https:\/\/catholiques17.fr\/archiac\/wp-json\/wp\/v2\/posts\/6469","targetHints":{"allow":["GET"]}}],"collection":[{"href":"https:\/\/catholiques17.fr\/archiac\/wp-json\/wp\/v2\/posts"}],"about":[{"href":"https:\/\/catholiques17.fr\/archiac\/wp-json\/wp\/v2\/types\/post"}],"author":[{"embeddable":true,"href":"https:\/\/catholiques17.fr\/archiac\/wp-json\/wp\/v2\/users\/39"}],"replies":[{"embeddable":true,"href":"https:\/\/catholiques17.fr\/archiac\/wp-json\/wp\/v2\/comments?post=6469"}],"version-history":[{"count":5,"href":"https:\/\/catholiques17.fr\/archiac\/wp-json\/wp\/v2\/posts\/6469\/revisions"}],"predecessor-version":[{"id":6480,"href":"https:\/\/catholiques17.fr\/archiac\/wp-json\/wp\/v2\/posts\/6469\/revisions\/6480"}],"wp:featuredmedia":[{"embeddable":true,"href":"https:\/\/catholiques17.fr\/archiac\/wp-json\/wp\/v2\/media\/6470"}],"wp:attachment":[{"href":"https:\/\/catholiques17.fr\/archiac\/wp-json\/wp\/v2\/media?parent=6469"}],"wp:term":[{"taxonomy":"category","embeddable":true,"href":"https:\/\/catholiques17.fr\/archiac\/wp-json\/wp\/v2\/categories?post=6469"},{"taxonomy":"post_tag","embeddable":true,"href":"https:\/\/catholiques17.fr\/archiac\/wp-json\/wp\/v2\/tags?post=6469"}],"curies":[{"name":"wp","href":"https:\/\/api.w.org\/{rel}","templated":true}]}}