{"id":6108,"date":"2023-01-04T16:15:13","date_gmt":"2023-01-04T15:15:13","guid":{"rendered":"https:\/\/catholiques17.fr\/archiac\/?p=6108"},"modified":"2023-01-04T16:15:15","modified_gmt":"2023-01-04T15:15:15","slug":"reunissons-nous-a-st-martial-pour-un-dernier-a-dieu-au-pape-benoit-xvi","status":"publish","type":"post","link":"https:\/\/catholiques17.fr\/archiac\/2023\/01\/04\/reunissons-nous-a-st-martial-pour-un-dernier-a-dieu-au-pape-benoit-xvi\/","title":{"rendered":"R\u00e9unissons-nous \u00e0 St Martial pour un dernier A-Dieu au Pape Beno\u00eet XVI"},"content":{"rendered":"\n<p class=\"has-text-align-center\"><strong>Jeudi 5 Janvier 2023 \u00e0 10 h<\/strong><\/p>\n\n\n\n<p><\/p>\n\n\n\n<div style=\"height:22px\" aria-hidden=\"true\" class=\"wp-block-spacer\"><\/div>\n\n\n\n<p class=\"has-text-align-center has-luminous-vivid-amber-color has-text-color\">Le Jeudi 5 Janvier 2023 \u00e0 10 h en l&rsquo;Eglise de St Martial sur N\u00e9 seront lus : la Pri\u00e8re de Beno\u00eet XVI et son Testament Spirituel<\/p>\n\n\n\n<p class=\"has-text-align-center has-luminous-vivid-amber-color has-text-color\"><\/p>\n\n\n\n<p class=\"has-text-align-center\"><strong>Pri\u00e8re de Beno\u00eet XVI : Ce soir, Seigneur<\/strong><\/p>\n\n\n\n<p>Ce soir, Seigneur,<\/p>\n\n\n\n<p>nous d\u00e9sirons r\u00e9p\u00e9ter avec foi&nbsp;:<\/p>\n\n\n\n<p>en toi Seigneur,<\/p>\n\n\n\n<p>je place avec joie mon Esp\u00e9rance.<\/p>\n\n\n\n<p>Fais que je t\u2019aime<\/p>\n\n\n\n<p>comme ta Sainte M\u00e8re<\/p>\n\n\n\n<p>afin que mon \u00e2me,<\/p>\n\n\n\n<p>au terme du chemin,<\/p>\n\n\n\n<p>soit accord\u00e9e la Gloire du Paradis.\u00a0\u00a0\u00a0     \u00a0\u00a0\u00a0\u00a0\u00a0\u00a0\u00a0\u00a0\u00a0\u00a0\u00a0\u00a0\u00a0\u00a0\u00a0\u00a0\u00a0\u00a0\u00a0\u00a0\u00a0\u00a0\u00a0\u00a0\u00a0\u00a0 <em>d\u2019apr\u00e8s Benoit XVI \u2013 11\/05\/2012 \u2013\u00a0 pour les 7 ans de pontificat<\/em><\/p>\n\n\n\n<div style=\"height:22px\" aria-hidden=\"true\" class=\"wp-block-spacer\"><\/div>\n\n\n\n<p class=\"has-text-align-center\"><strong>Testament Spirituel de Benoit XVI<\/strong><\/p>\n\n\n\n<p>Si, \u00e0 cette heure tardive de ma vie, je jette un regard sur les d\u00e9cennies que j\u2019ai parcourues, je vois d\u2019abord combien de raisons j\u2019ai de rendre gr\u00e2ce. Tout d\u2019abord, je remercie Dieu lui-m\u00eame, le donateur de tout bon cadeau, qui m\u2019a donn\u00e9 la vie et m\u2019a guid\u00e9 \u00e0 travers divers moments de confusion, me relevant toujours quand je commen\u00e7ais \u00e0 glisser et me redonnant toujours la lumi\u00e8re de son visage. Avec le recul, je vois et je comprends que m\u00eame les parties sombres et fatigantes de ce voyage \u00e9taient pour mon salut et que c\u2019est en elles qu\u2019Il m\u2019a bien guid\u00e9.<\/p>\n\n\n\n<p>Je remercie mes parents, qui m\u2019ont donn\u00e9 la vie dans une p\u00e9riode difficile et qui, au prix de grands sacrifices, m\u2019ont pr\u00e9par\u00e9 avec leur amour un magnifique foyer qui, comme une lumi\u00e8re vive, illumine tous mes jours jusqu\u2019\u00e0 aujourd\u2019hui. La foi lucide de mon p\u00e8re nous a appris \u00e0 croire, nous ses enfants, et elle a toujours tenu bon au milieu de toutes mes r\u00e9alisations scientifiques; la profonde d\u00e9votion et la grande bont\u00e9 de ma m\u00e8re sont un h\u00e9ritage pour lequel je ne saurais la remercier suffisamment. Ma s\u0153ur m\u2019a assist\u00e9 pendant des d\u00e9cennies de mani\u00e8re d\u00e9sint\u00e9ress\u00e9e et avec une attention affectueuse; mon fr\u00e8re, avec la lucidit\u00e9 de ses jugements, sa r\u00e9solution vigoureuse et la s\u00e9r\u00e9nit\u00e9 de son c\u0153ur, m\u2019a toujours ouvert la voie; sans sa constance qui me pr\u00e9c\u00e8de et m\u2019accompagne, je n\u2019aurais pas pu trouver le bon chemin.<\/p>\n\n\n\n<p>Du fond du c\u0153ur, je remercie Dieu pour les nombreux amis, hommes et femmes, qu\u2019il a toujours plac\u00e9s \u00e0 mes c\u00f4t\u00e9s; pour les collaborateurs \u00e0 toutes les \u00e9tapes de mon parcours; pour les enseignants et les \u00e9tudiants qu\u2019il m\u2019a donn\u00e9s. Je les confie avec gratitude \u00e0 sa bont\u00e9. Et je veux remercier le Seigneur pour ma belle patrie dans les Pr\u00e9alpes bavaroises, dans laquelle j\u2019ai toujours vu briller la splendeur du Cr\u00e9ateur lui-m\u00eame. Je remercie les gens de ma patrie, car c\u2019est en eux que j\u2019ai exp\u00e9riment\u00e9, encore et encore, la beaut\u00e9 de la foi. Je prie pour que notre terre reste une terre de foi et je vous en prie, chers compatriotes: ne vous laissez pas d\u00e9tourner de la foi. Et enfin, je remercie Dieu pour toute la beaut\u00e9 que j\u2019ai pu exp\u00e9rimenter \u00e0 chaque \u00e9tape de mon chemin, mais surtout \u00e0 Rome et en Italie, qui est devenue ma deuxi\u00e8me maison.<\/p>\n\n\n\n<p>\u00c0 tous ceux que j\u2019ai l\u00e9s\u00e9s d\u2019une mani\u00e8re ou d\u2019une autre, je demande pardon de tout mon c\u0153ur.<\/p>\n\n\n\n<p>Ce que j\u2019ai dit auparavant \u00e0 mes compatriotes, je le dis maintenant \u00e0 tous ceux qui, dans l\u2019\u00c9glise, ont \u00e9t\u00e9 affect\u00e9s \u00e0 mon service: restez fermes dans la foi! Ne vous laissez pas troubler! Il semble souvent que la science, les sciences naturelles d\u2019une part et la recherche historique (en particulier l&rsquo;ex\u00e9g\u00e8se des Saintes \u00c9critures) d\u2019autre part, soient capables d\u2019offrir des r\u00e9sultats irr\u00e9futables en contraste avec la foi catholique. J\u2019ai v\u00e9cu les transformations des sciences naturelles depuis longtemps et j\u2019ai pu voir comment, au contraire, des certitudes apparentes contre la foi se sont \u00e9vanouies, se r\u00e9v\u00e9lant \u00eatre non pas des sciences, mais des interpr\u00e9tations philosophiques ne relevant qu\u2019en apparence de la science; tout comme, d\u2019autre part, c\u2019est dans le dialogue avec les sciences naturelles que la foi aussi a appris \u00e0 mieux comprendre la limite de la port\u00e9e de ses revendications, et donc sa sp\u00e9cificit\u00e9. Depuis soixante ans, j\u2019accompagne le chemin de la th\u00e9ologie, en particulier des sciences bibliques, et avec la succession des diff\u00e9rentes g\u00e9n\u00e9rations, j\u2019ai vu s\u2019effondrer des th\u00e8ses qui semblaient in\u00e9branlables, se r\u00e9v\u00e9lant de simples hypoth\u00e8ses: la g\u00e9n\u00e9ration lib\u00e9rale (Harnack, J\u00fclicher etc.), la g\u00e9n\u00e9ration existentialiste (Bultmann etc.), la g\u00e9n\u00e9ration marxiste. J\u2019ai vu et je vois comment, \u00e0 partir de l\u2019enchev\u00eatrement des hypoth\u00e8ses, le caract\u00e8re raisonnable de la foi a \u00e9merg\u00e9 et \u00e9merge encore. J\u00e9sus-Christ est vraiment le chemin, la v\u00e9rit\u00e9 et la vie \u2013 et l\u2019\u00c9glise, avec toutes ses insuffisances, est vraiment son corps.<\/p>\n\n\n\n<p>Enfin, je demande humblement: priez pour moi, afin que le Seigneur, malgr\u00e9 tous mes p\u00e9ch\u00e9s et mes insuffisances, me re\u00e7oive dans les demeures \u00e9ternelles. De tout c\u0153ur, ma pri\u00e8re va \u00e0 tous ceux qui, jour apr\u00e8s jour, me sont confi\u00e9s.<\/p>\n\n\n\n<p>Benedictus PP XVI<\/p>\n","protected":false},"excerpt":{"rendered":"<p>Jeudi 5 Janvier 2023 \u00e0 10 h Le Jeudi 5 Janvier 2023 \u00e0 10 h en l&rsquo;Eglise de St Martial sur N\u00e9 seront lus : la Pri\u00e8re de Beno\u00eet XVI [&hellip;]<\/p>\n","protected":false},"author":39,"featured_media":6109,"comment_status":"open","ping_status":"open","sticky":false,"template":"","format":"standard","meta":{"_et_pb_use_builder":"off","_et_pb_old_content":"","_et_gb_content_width":"","footnotes":""},"categories":[6,33],"tags":[],"class_list":["post-6108","post","type-post","status-publish","format-standard","has-post-thumbnail","hentry","category-actualite","category-paroisse"],"_links":{"self":[{"href":"https:\/\/catholiques17.fr\/archiac\/wp-json\/wp\/v2\/posts\/6108","targetHints":{"allow":["GET"]}}],"collection":[{"href":"https:\/\/catholiques17.fr\/archiac\/wp-json\/wp\/v2\/posts"}],"about":[{"href":"https:\/\/catholiques17.fr\/archiac\/wp-json\/wp\/v2\/types\/post"}],"author":[{"embeddable":true,"href":"https:\/\/catholiques17.fr\/archiac\/wp-json\/wp\/v2\/users\/39"}],"replies":[{"embeddable":true,"href":"https:\/\/catholiques17.fr\/archiac\/wp-json\/wp\/v2\/comments?post=6108"}],"version-history":[{"count":4,"href":"https:\/\/catholiques17.fr\/archiac\/wp-json\/wp\/v2\/posts\/6108\/revisions"}],"predecessor-version":[{"id":6113,"href":"https:\/\/catholiques17.fr\/archiac\/wp-json\/wp\/v2\/posts\/6108\/revisions\/6113"}],"wp:featuredmedia":[{"embeddable":true,"href":"https:\/\/catholiques17.fr\/archiac\/wp-json\/wp\/v2\/media\/6109"}],"wp:attachment":[{"href":"https:\/\/catholiques17.fr\/archiac\/wp-json\/wp\/v2\/media?parent=6108"}],"wp:term":[{"taxonomy":"category","embeddable":true,"href":"https:\/\/catholiques17.fr\/archiac\/wp-json\/wp\/v2\/categories?post=6108"},{"taxonomy":"post_tag","embeddable":true,"href":"https:\/\/catholiques17.fr\/archiac\/wp-json\/wp\/v2\/tags?post=6108"}],"curies":[{"name":"wp","href":"https:\/\/api.w.org\/{rel}","templated":true}]}}