{"id":5643,"date":"2022-06-22T11:12:57","date_gmt":"2022-06-22T09:12:57","guid":{"rendered":"https:\/\/catholiques17.fr\/archiac\/?p=5643"},"modified":"2022-06-22T11:20:04","modified_gmt":"2022-06-22T09:20:04","slug":"pelerinage-diocesain-lourdes-2022","status":"publish","type":"post","link":"https:\/\/catholiques17.fr\/archiac\/2022\/06\/22\/pelerinage-diocesain-lourdes-2022\/","title":{"rendered":"P\u00e8lerinage Dioc\u00e9sain Lourdes 2022"},"content":{"rendered":"\n<div style=\"height:35px\" aria-hidden=\"true\" class=\"wp-block-spacer\"><\/div>\n\n\n\n<p>Du 6 au 10 Ao\u00fbt 2022 aura lieu le P\u00e8lerinage Dioc\u00e9sain 2022 \u00e0 Lourdes. Plusieurs formules vous sont propos\u00e9es pour le transport et l&rsquo;h\u00e9bergement.  La date limite d&rsquo;inscription est arr\u00eat\u00e9e au 10 Juillet 2022<\/p>\n\n\n\n<p>Pour tout renseignement contacter :<\/p>\n\n\n\n<p>SERVICE DES PELERINAGES \u00e0 la MAISON DIOCESAINE, 6 all\u00e9e du S\u00e9minaire &#8211; 17100 SAINTES<\/p>\n\n\n\n<p>Mail  :  pelerinage@diocese17.fr<\/p>\n\n\n\n<p>T\u00e9l    :  07 72 32 08 28<\/p>\n\n\n\n<div style=\"height:14px\" aria-hidden=\"true\" class=\"wp-block-spacer\"><\/div>\n\n\n\n<div style=\"height:14px\" aria-hidden=\"true\" class=\"wp-block-spacer\"><\/div>\n\n\n\n<hr class=\"wp-block-separator\" \/>\n","protected":false},"excerpt":{"rendered":"<p>Du 6 au 10 Ao\u00fbt 2022 aura lieu le P\u00e8lerinage Dioc\u00e9sain 2022 \u00e0 Lourdes. Plusieurs formules vous sont propos\u00e9es pour le transport et l&rsquo;h\u00e9bergement. La date limite d&rsquo;inscription est arr\u00eat\u00e9e [&hellip;]<\/p>\n","protected":false},"author":39,"featured_media":5644,"comment_status":"open","ping_status":"open","sticky":false,"template":"","format":"standard","meta":{"_et_pb_use_builder":"off","_et_pb_old_content":"","_et_gb_content_width":"","footnotes":""},"categories":[6,30],"tags":[],"class_list":["post-5643","post","type-post","status-publish","format-standard","has-post-thumbnail","hentry","category-actualite","category-pelerinage"],"_links":{"self":[{"href":"https:\/\/catholiques17.fr\/archiac\/wp-json\/wp\/v2\/posts\/5643","targetHints":{"allow":["GET"]}}],"collection":[{"href":"https:\/\/catholiques17.fr\/archiac\/wp-json\/wp\/v2\/posts"}],"about":[{"href":"https:\/\/catholiques17.fr\/archiac\/wp-json\/wp\/v2\/types\/post"}],"author":[{"embeddable":true,"href":"https:\/\/catholiques17.fr\/archiac\/wp-json\/wp\/v2\/users\/39"}],"replies":[{"embeddable":true,"href":"https:\/\/catholiques17.fr\/archiac\/wp-json\/wp\/v2\/comments?post=5643"}],"version-history":[{"count":4,"href":"https:\/\/catholiques17.fr\/archiac\/wp-json\/wp\/v2\/posts\/5643\/revisions"}],"predecessor-version":[{"id":5650,"href":"https:\/\/catholiques17.fr\/archiac\/wp-json\/wp\/v2\/posts\/5643\/revisions\/5650"}],"wp:featuredmedia":[{"embeddable":true,"href":"https:\/\/catholiques17.fr\/archiac\/wp-json\/wp\/v2\/media\/5644"}],"wp:attachment":[{"href":"https:\/\/catholiques17.fr\/archiac\/wp-json\/wp\/v2\/media?parent=5643"}],"wp:term":[{"taxonomy":"category","embeddable":true,"href":"https:\/\/catholiques17.fr\/archiac\/wp-json\/wp\/v2\/categories?post=5643"},{"taxonomy":"post_tag","embeddable":true,"href":"https:\/\/catholiques17.fr\/archiac\/wp-json\/wp\/v2\/tags?post=5643"}],"curies":[{"name":"wp","href":"https:\/\/api.w.org\/{rel}","templated":true}]}}