{"id":5449,"date":"2022-05-24T15:05:28","date_gmt":"2022-05-24T13:05:28","guid":{"rendered":"https:\/\/catholiques17.fr\/archiac\/?p=5449"},"modified":"2022-05-24T15:05:29","modified_gmt":"2022-05-24T13:05:29","slug":"temoignage-doscar-et-remi-futurs-pretres-diocesains","status":"publish","type":"post","link":"https:\/\/catholiques17.fr\/archiac\/2022\/05\/24\/temoignage-doscar-et-remi-futurs-pretres-diocesains\/","title":{"rendered":"T\u00e9moignage d&rsquo;Oscar et R\u00e9mi, futurs pr\u00eatres dioc\u00e9sains"},"content":{"rendered":"\n<div style=\"height:21px\" aria-hidden=\"true\" class=\"wp-block-spacer\"><\/div>\n\n\n\n<p><strong>C\u2019est une date importante pour notre dioc\u00e8se :&nbsp;<\/strong>le samedi 11 juin prochain, \u00e0 10h \u00e0 la cath\u00e9drale St Louis de La Rochelle, sera c\u00e9l\u00e9br\u00e9e l\u2019ordination sacerdotale d\u2019Oscar Akoha et de R\u00e9mi Delprat.<\/p>\n\n\n\n<p>C\u2019est apr\u00e8s de nombreuses ann\u00e9es d\u2019\u00e9tudes au s\u00e9minaire de Toulouse, et plusieurs p\u00e9riodes d\u2019insertion en paroisses, que ces ordinands recevront le sacrement de l\u2019ordre, au cours de la c\u00e9l\u00e9bration \u00e0 laquelle vous \u00eates tous invit\u00e9s !<\/p>\n\n\n\n<p>Mais pour mieux conna\u00eetre ces futurs pr\u00eatres, voici leur t\u00e9moignage sous forme d\u2019une vid\u00e9o enregistr\u00e9e dans le parc du s\u00e9minaire de Toulouse :<\/p>\n\n\n\n<div style=\"height:31px\" aria-hidden=\"true\" class=\"wp-block-spacer\"><\/div>\n\n\n\n<figure class=\"wp-block-embed aligncenter is-type-video is-provider-youtube wp-block-embed-youtube wp-embed-aspect-16-9 wp-has-aspect-ratio\"><div class=\"wp-block-embed__wrapper\">\n<iframe loading=\"lazy\" title=\"T\u00e9moignages Oscar et R\u00e9mi -Ordinations sacerdotales le 11 juin 2022 \u00e0 la cath\u00e9drale  de la Rochelle\" width=\"1080\" height=\"608\" src=\"https:\/\/www.youtube.com\/embed\/LZ5iE1VumdU?feature=oembed\"  allow=\"accelerometer; autoplay; clipboard-write; encrypted-media; gyroscope; picture-in-picture\" allowfullscreen><\/iframe>\n<\/div><\/figure>\n\n\n\n<div style=\"height:11px\" aria-hidden=\"true\" class=\"wp-block-spacer\"><\/div>\n","protected":false},"excerpt":{"rendered":"<p>C\u2019est une date importante pour notre dioc\u00e8se :&nbsp;le samedi 11 juin prochain, \u00e0 10h \u00e0 la cath\u00e9drale St Louis de La Rochelle, sera c\u00e9l\u00e9br\u00e9e l\u2019ordination sacerdotale d\u2019Oscar Akoha et de [&hellip;]<\/p>\n","protected":false},"author":39,"featured_media":5451,"comment_status":"open","ping_status":"open","sticky":false,"template":"","format":"standard","meta":{"_et_pb_use_builder":"off","_et_pb_old_content":"","_et_gb_content_width":"","footnotes":""},"categories":[6,19,24],"tags":[],"class_list":["post-5449","post","type-post","status-publish","format-standard","has-post-thumbnail","hentry","category-actualite","category-diocese","category-ordination"],"_links":{"self":[{"href":"https:\/\/catholiques17.fr\/archiac\/wp-json\/wp\/v2\/posts\/5449","targetHints":{"allow":["GET"]}}],"collection":[{"href":"https:\/\/catholiques17.fr\/archiac\/wp-json\/wp\/v2\/posts"}],"about":[{"href":"https:\/\/catholiques17.fr\/archiac\/wp-json\/wp\/v2\/types\/post"}],"author":[{"embeddable":true,"href":"https:\/\/catholiques17.fr\/archiac\/wp-json\/wp\/v2\/users\/39"}],"replies":[{"embeddable":true,"href":"https:\/\/catholiques17.fr\/archiac\/wp-json\/wp\/v2\/comments?post=5449"}],"version-history":[{"count":2,"href":"https:\/\/catholiques17.fr\/archiac\/wp-json\/wp\/v2\/posts\/5449\/revisions"}],"predecessor-version":[{"id":5453,"href":"https:\/\/catholiques17.fr\/archiac\/wp-json\/wp\/v2\/posts\/5449\/revisions\/5453"}],"wp:featuredmedia":[{"embeddable":true,"href":"https:\/\/catholiques17.fr\/archiac\/wp-json\/wp\/v2\/media\/5451"}],"wp:attachment":[{"href":"https:\/\/catholiques17.fr\/archiac\/wp-json\/wp\/v2\/media?parent=5449"}],"wp:term":[{"taxonomy":"category","embeddable":true,"href":"https:\/\/catholiques17.fr\/archiac\/wp-json\/wp\/v2\/categories?post=5449"},{"taxonomy":"post_tag","embeddable":true,"href":"https:\/\/catholiques17.fr\/archiac\/wp-json\/wp\/v2\/tags?post=5449"}],"curies":[{"name":"wp","href":"https:\/\/api.w.org\/{rel}","templated":true}]}}