{"id":6816,"global_id":"catholiques17.fr\/archiac?id=6816","global_id_lineage":["catholiques17.fr\/archiac?id=6816"],"author":"39","status":"publish","date":"2023-12-05 20:15:05","date_utc":"2023-12-05 19:15:05","modified":"2023-12-05 20:17:46","modified_utc":"2023-12-05 19:17:46","url":"https:\/\/catholiques17.fr\/archiac\/event\/celebration-de-limmaculee-conception-de-la-vierge-marie\/","rest_url":"https:\/\/catholiques17.fr\/archiac\/wp-json\/tribe\/events\/v1\/events\/6816","title":"C\u00e9l\u00e9bration de l&rsquo;Immacul\u00e9e Conception de la Vierge Marie \u00e0 Archiac","description":"","excerpt":"","slug":"celebration-de-limmaculee-conception-de-la-vierge-marie","image":false,"all_day":false,"start_date":"2023-12-08 09:00:00","start_date_details":{"year":"2023","month":"12","day":"08","hour":"09","minutes":"00","seconds":"00"},"end_date":"2023-12-08 10:00:00","end_date_details":{"year":"2023","month":"12","day":"08","hour":"10","minutes":"00","seconds":"00"},"utc_start_date":"2023-12-08 08:00:00","utc_start_date_details":{"year":"2023","month":"12","day":"08","hour":"08","minutes":"00","seconds":"00"},"utc_end_date":"2023-12-08 09:00:00","utc_end_date_details":{"year":"2023","month":"12","day":"08","hour":"09","minutes":"00","seconds":"00"},"timezone":"Europe\/Paris","timezone_abbr":"CET","cost":"","cost_details":{"currency_symbol":"","currency_code":"","currency_position":"suffix","values":[]},"website":"","show_map":true,"show_map_link":true,"hide_from_listings":false,"sticky":false,"featured":false,"categories":[{"name":"Messe","slug":"messe","term_group":0,"term_taxonomy_id":26,"taxonomy":"tribe_events_cat","description":"","parent":0,"count":71,"filter":"raw","id":26,"urls":{"self":"https:\/\/catholiques17.fr\/archiac\/wp-json\/tribe\/events\/v1\/categories\/26","collection":"https:\/\/catholiques17.fr\/archiac\/wp-json\/tribe\/events\/v1\/categories"}},{"name":"Paroisse","slug":"paroisse","term_group":0,"term_taxonomy_id":35,"taxonomy":"tribe_events_cat","description":"","parent":0,"count":497,"filter":"raw","id":35,"urls":{"self":"https:\/\/catholiques17.fr\/archiac\/wp-json\/tribe\/events\/v1\/categories\/35","collection":"https:\/\/catholiques17.fr\/archiac\/wp-json\/tribe\/events\/v1\/categories"}}],"tags":[],"venue":{"id":5127,"author":"39","status":"publish","date":"2022-03-25 13:58:23","date_utc":"2022-03-25 12:58:23","modified":"2022-03-25 13:58:23","modified_utc":"2022-03-25 12:58:23","url":"https:\/\/catholiques17.fr\/archiac\/lieu\/archiac\/","venue":"Archiac","slug":"archiac","json_ld":{"@type":"Place","name":"Archiac","description":"","url":"","address":{"@type":"PostalAddress"},"telephone":"","sameAs":""},"show_map":true,"show_map_link":true,"global_id":"catholiques17.fr\/archiac?id=5127","global_id_lineage":["catholiques17.fr\/archiac?id=5127"]},"organizer":[],"custom_fields":[],"json_ld":{"@context":"http:\/\/schema.org","@type":"Event","name":"C\u00e9l\u00e9bration de l&rsquo;Immacul\u00e9e Conception de la Vierge Marie \u00e0 Archiac","description":"","url":"https:\/\/catholiques17.fr\/archiac\/event\/celebration-de-limmaculee-conception-de-la-vierge-marie\/","eventAttendanceMode":"https:\/\/schema.org\/OfflineEventAttendanceMode","eventStatus":"https:\/\/schema.org\/EventScheduled","startDate":"2023-12-08T09:00:00+01:00","endDate":"2023-12-08T10:00:00+01:00","location":{"@type":"Place","name":"Archiac","description":"","url":"","address":{"@type":"PostalAddress"},"telephone":"","sameAs":""},"performer":"Organization"}}