{"id":6497,"global_id":"catholiques17.fr\/archiac?id=6497","global_id_lineage":["catholiques17.fr\/archiac?id=6497"],"author":"39","status":"publish","date":"2023-08-16 14:18:12","date_utc":"2023-08-16 12:18:12","modified":"2023-08-16 14:28:05","modified_utc":"2023-08-16 12:28:05","url":"https:\/\/catholiques17.fr\/archiac\/event\/pelerinage-a-lile-madame\/","rest_url":"https:\/\/catholiques17.fr\/archiac\/wp-json\/tribe\/events\/v1\/events\/6497","title":"P\u00e8lerinage \u00e0 l&rsquo;Ile Madame","description":"<p style=\"text-align: center\"><strong>Programme du P\u00e8lerinage<\/strong><\/p>\n<p><em>P\u00e8lerinage pr\u00e9sid\u00e9 par\u00a0<\/em><strong><em>Mgr Pascal WINTZER<\/em><\/strong><em>, archev\u00eaque de Poitiers et\u00a0<strong>Mgr Fran\u00e7ois JACOLIN<\/strong>, administrateur apostolique du dioc\u00e8se de La Rochelle<\/em>.<\/p>\n<ul>\n<li><strong>9h45<\/strong>: Accueil des p\u00e8lerins \u00e0 la Pointe de Port-des-Barques<\/li>\n<li><strong>10h<\/strong>: Ouverture du p\u00e8lerinage, temps de confession<\/li>\n<li><strong>11h<\/strong>: Messe<\/li>\n<li><strong>12h15<\/strong>: Pique-nique. Possibilit\u00e9 de restauration avec un food truck.<\/li>\n<li><strong>14h<\/strong>: Enseignement de Mgr Wintzer<\/li>\n<li><strong>14h45<\/strong>: Procession \u00e0 la Croix des galets<\/li>\n<li><strong>16h<\/strong>: C\u00e9l\u00e9bration \u00e0 la Croix des galets et envoi<\/li>\n<\/ul>","excerpt":"","slug":"pelerinage-a-lile-madame","image":false,"all_day":false,"start_date":"2023-08-23 10:00:00","start_date_details":{"year":"2023","month":"08","day":"23","hour":"10","minutes":"00","seconds":"00"},"end_date":"2023-08-23 17:00:00","end_date_details":{"year":"2023","month":"08","day":"23","hour":"17","minutes":"00","seconds":"00"},"utc_start_date":"2023-08-23 08:00:00","utc_start_date_details":{"year":"2023","month":"08","day":"23","hour":"08","minutes":"00","seconds":"00"},"utc_end_date":"2023-08-23 15:00:00","utc_end_date_details":{"year":"2023","month":"08","day":"23","hour":"15","minutes":"00","seconds":"00"},"timezone":"Europe\/Paris","timezone_abbr":"CEST","cost":"","cost_details":{"currency_symbol":"","currency_code":"","currency_position":"suffix","values":[]},"website":"","show_map":true,"show_map_link":true,"hide_from_listings":false,"sticky":false,"featured":false,"categories":[{"name":"P\u00e8lerinage","slug":"pelerinage","term_group":0,"term_taxonomy_id":28,"taxonomy":"tribe_events_cat","description":"","parent":0,"count":3,"filter":"raw","id":28,"urls":{"self":"https:\/\/catholiques17.fr\/archiac\/wp-json\/tribe\/events\/v1\/categories\/28","collection":"https:\/\/catholiques17.fr\/archiac\/wp-json\/tribe\/events\/v1\/categories"}}],"tags":[],"venue":{"id":5101,"author":"4","status":"publish","date":"2022-03-22 14:30:13","date_utc":"2022-03-22 13:30:13","modified":"2022-03-22 14:30:13","modified_utc":"2022-03-22 13:30:13","url":"https:\/\/catholiques17.fr\/archiac\/lieu\/port-des-barques\/","venue":"Port des Barques","slug":"port-des-barques","country":"France","json_ld":{"@type":"Place","name":"Port des Barques","description":"","url":"","address":{"@type":"PostalAddress","addressCountry":"France"},"telephone":"","sameAs":""},"show_map":true,"show_map_link":true,"global_id":"catholiques17.fr\/archiac?id=5101","global_id_lineage":["catholiques17.fr\/archiac?id=5101"]},"organizer":[],"custom_fields":[],"json_ld":{"@context":"http:\/\/schema.org","@type":"Event","name":"P\u00e8lerinage \u00e0 l&rsquo;Ile Madame","description":"&lt;p&gt;Programme du P\u00e8lerinage P\u00e8lerinage pr\u00e9sid\u00e9 par\u00a0Mgr Pascal WINTZER, archev\u00eaque de Poitiers et\u00a0Mgr Fran\u00e7ois JACOLIN, administrateur apostolique du dioc\u00e8se de La Rochelle. 9h45: Accueil des p\u00e8lerins \u00e0 la Pointe de Port-des-Barques [&hellip;]&lt;\/p&gt;\\n","url":"https:\/\/catholiques17.fr\/archiac\/event\/pelerinage-a-lile-madame\/","eventAttendanceMode":"https:\/\/schema.org\/OfflineEventAttendanceMode","eventStatus":"https:\/\/schema.org\/EventScheduled","startDate":"2023-08-23T10:00:00+02:00","endDate":"2023-08-23T17:00:00+02:00","location":{"@type":"Place","name":"Port des Barques","description":"","url":"","address":{"@type":"PostalAddress","addressCountry":"France"},"telephone":"","sameAs":""},"performer":"Organization"}}